{"id":97206,"date":"2016-04-15T00:00:00","date_gmt":"2016-04-15T00:00:00","guid":{"rendered":"https:\/\/acg.campingsingirona.com\/en\/blog\/els-campings-gironins-demanen-al-conseller-baiget-que-sagilitin-els-tramits-per-poder-fer-inversions\/"},"modified":"2023-10-18T09:00:42","modified_gmt":"2023-10-18T09:00:42","slug":"els-campings-gironins-demanen-al-conseller-baiget-que-sagilitin-els-tramits-per-poder-fer-inversions","status":"publish","type":"post","link":"https:\/\/acg.campingsingirona.com\/ca\/els-campings-gironins-demanen-al-conseller-baiget-que-sagilitin-els-tramits-per-poder-fer-inversions\/","title":{"rendered":"Els c\u00e0mpings gironins demanen al conseller Baiget que s\u2019agilitin els tr\u00e0mits per poder fer  inversions"},"content":{"rendered":"<p>&nbsp;<\/p>\n<p>&nbsp;<\/p>\n<p><a href=\"https:\/\/proves3.6tems.es\/blog.campingsingirona.com\/wp-content\/uploads\/2016\/04\/a4.jpg\"><img loading=\"lazy\" decoding=\"async\" class=\"alignnone size-medium wp-image-1127\" src=\"https:\/\/proves3.6tems.es\/blog.campingsingirona.com\/wp-content\/uploads\/2016\/04\/a4-300x169.jpg\" alt=\"a\" width=\"300\" height=\"169\" \/><\/a><\/p>\n<p>&nbsp;<\/p>\n<p>Els c\u00e0mpings gironins han traslladat al conseller Jordi Baiget, la seva preocupaci\u00f3 per la lentitud en la tramitaci\u00f3 dels permisos per dur a terme obres de reforma en els establiments o ampliaci\u00f3 de les instal\u00b7lacions i han demanat al nou titular d\u2019Empresa i Coneixement que s\u2019agilitin aquests permisos. La petici\u00f3 es va fer \u00a0durant una reuni\u00f3 que va mantenir la Junta de l\u2019Associaci\u00f3 de C\u00e0mpings de Girona amb el conseller. A la trobada tamb\u00e9 hi va assistir\u00a0 el director dels serveis territorials d\u2019Empresa, Ferran Roquer, i la regidora d\u2019Ocupaci\u00f3, Empresa i Comer\u00e7 \u00a0de Girona , Gl\u00f2ria Plana.<\/p>\n<p>El president de l\u2019entitat, Miquel Gotanegra, assegura que \u201cles tramitacions s\u2019allarguen molt i es necessita m\u00e9s celeritat\u201d. Hi ha hagut casos en que, per exemple, els empresaris han hagut d\u2019esperar deu anys per dur a terme, \u00a0l\u2019ampliaci\u00f3 d\u2019una piscina o la reforma d\u2019uns sanitaris. La lentitud en aquestes tramitacions representa un entrebanc important a l\u2019hora de dur a terme les inversions necess\u00e0ries per poder mantenir el lideratge en qualitat, segons s\u2019ha destacat en la trobada. A m\u00e9s, l\u2019Associaci\u00f3 considera que caldria unificar els criteris de les diferents administracions a l\u2019hora d\u2019atorgar llic\u00e8ncies d\u2019obres als c\u00e0mpings. Actualment cada municipi t\u00e9 la seva pr\u00f2pia normativa. \u201cCada ajuntament t\u00e9 els seus criteris i el que demanem \u00e9s que es facilitin les coses al sector i que se\u2019ns tingui en compte \u201d, va remarcar Miquel Gotanegra.<\/p>\n<p>L\u2019entitat recorda que el sector \u00e9s una gran ind\u00fastria tur\u00edstica que est\u00e0 generant 8 milions de pernoctacions i que cal comptar amb la complicitat constant de les administracions per poder \u00a0continuar essent competitius.<\/p>\n<p>La manca d\u2019inversions \u00a0b\u00e0siques en infraestructures a les comarques de Girona, com la nacional dos, \u00a0i la necessitat d\u2019impulsar tur\u00edsticament els espais naturals protegits, el gran actiu del territori, van ser altres q\u00fcestions que es van tractar durant la reuni\u00f3.<\/p>\n<p>&nbsp;<\/p>\n","protected":false},"excerpt":{"rendered":"<p>&nbsp; &nbsp; &nbsp; Els c\u00e0mpings gironins han traslladat al conseller Jordi Baiget, la seva preocupaci\u00f3 per la lentitud en la tramitaci\u00f3 dels permisos per dur a terme obres de reforma en els establiments o ampliaci\u00f3 de les instal\u00b7lacions i han demanat al nou titular d\u2019Empresa i Coneixement que s\u2019agilitin aquests permisos. La petici\u00f3 es va [&hellip;]<\/p>\n","protected":false},"author":1,"featured_media":0,"comment_status":"closed","ping_status":"open","sticky":false,"template":"","format":"standard","meta":{"_acf_changed":false,"footnotes":""},"categories":[],"tags":[],"class_list":["post-97206","post","type-post","status-publish","format-standard","hentry"],"acf":[],"_links":{"self":[{"href":"https:\/\/acg.campingsingirona.com\/ca\/wp-json\/wp\/v2\/posts\/97206","targetHints":{"allow":["GET"]}}],"collection":[{"href":"https:\/\/acg.campingsingirona.com\/ca\/wp-json\/wp\/v2\/posts"}],"about":[{"href":"https:\/\/acg.campingsingirona.com\/ca\/wp-json\/wp\/v2\/types\/post"}],"author":[{"embeddable":true,"href":"https:\/\/acg.campingsingirona.com\/ca\/wp-json\/wp\/v2\/users\/1"}],"replies":[{"embeddable":true,"href":"https:\/\/acg.campingsingirona.com\/ca\/wp-json\/wp\/v2\/comments?post=97206"}],"version-history":[{"count":1,"href":"https:\/\/acg.campingsingirona.com\/ca\/wp-json\/wp\/v2\/posts\/97206\/revisions"}],"predecessor-version":[{"id":103953,"href":"https:\/\/acg.campingsingirona.com\/ca\/wp-json\/wp\/v2\/posts\/97206\/revisions\/103953"}],"wp:attachment":[{"href":"https:\/\/acg.campingsingirona.com\/ca\/wp-json\/wp\/v2\/media?parent=97206"}],"wp:term":[{"taxonomy":"category","embeddable":true,"href":"https:\/\/acg.campingsingirona.com\/ca\/wp-json\/wp\/v2\/categories?post=97206"},{"taxonomy":"post_tag","embeddable":true,"href":"https:\/\/acg.campingsingirona.com\/ca\/wp-json\/wp\/v2\/tags?post=97206"}],"curies":[{"name":"wp","href":"https:\/\/api.w.org\/{rel}","templated":true}]}}