{"id":97202,"date":"2016-03-04T00:00:00","date_gmt":"2016-03-04T00:00:00","guid":{"rendered":"https:\/\/acg.campingsingirona.com\/en\/blog\/girocamping-obre-les-portes-amb-el-repte-dincrementar-els-clients-de-proximitat\/"},"modified":"2023-10-18T09:00:35","modified_gmt":"2023-10-18T09:00:35","slug":"girocamping-obre-les-portes-amb-el-repte-dincrementar-els-clients-de-proximitat","status":"publish","type":"post","link":"https:\/\/acg.campingsingirona.com\/ca\/girocamping-obre-les-portes-amb-el-repte-dincrementar-els-clients-de-proximitat\/","title":{"rendered":"Girocamping obre les portes amb el repte d\u2019incrementar els clients de proximitat"},"content":{"rendered":"<p>&nbsp;<\/p>\n<p><a href=\"https:\/\/proves3.6tems.es\/blog.campingsingirona.com\/wp-content\/uploads\/2016\/03\/b.jpg\"><img loading=\"lazy\" decoding=\"async\" class=\"alignnone size-medium wp-image-1111\" src=\"https:\/\/proves3.6tems.es\/blog.campingsingirona.com\/wp-content\/uploads\/2016\/03\/b-300x200.jpg\" alt=\"b\" width=\"300\" height=\"200\" \/><\/a><\/p>\n<p>La quarta edici\u00f3 de Girocamping, la Fira del sector del c\u00e0mping i parcs de vacances \u00fanica en les seves caracter\u00edstiques a l\u2019Estat espanyol, ha obert \u00a0les seves portes amb el repte d\u2019incrementar els clients catalans i de l\u2019Estat espanyol que actualment representen un 5% dels visitants dels c\u00e0mpings gironins. \u00a0Girocamping se celebra fins diumenge al Palau de Fires de Girona.<\/p>\n<p>La inauguraci\u00f3\u00a0 ha anat a c\u00e0rrec de l\u2019alcalde de Girona, Albert Ballesta; el president de la Diputaci\u00f3 de Girona i del Patronat de Turisme Costa Brava Girona, Pere Vila, la Directora General de Turisme de Catalunya, Marian Muro i el president de l\u2019Associaci\u00f3 de C\u00e0mpings de Girona, Miquel Gotanegra.\u00a0 En els seus parlaments les autoritats han destacat la capacitat del Sal\u00f3 de sorprendre amb innovacions en nom\u00e9s quatre edicions i l\u2019esfor\u00e7 per a la qualitat i l\u2019excel.l\u00e8ncia que est\u00e0 duent a terme el sector a les comarques gironines i que \u00e9s capa\u00e7 de generar noves experi\u00e8ncies.<\/p>\n<p>L\u2019edici\u00f3 d\u2019aquest l\u2019any reuneix 139 expositors i destaca l\u2019increment d\u2019empreses franceses que han volgut ser-hi presents: un 50 % m\u00e9s que l\u2019any passat.<\/p>\n<p>Amb la quarta edici\u00f3 de Girocamping, Girona es converteix en el gran aparador del m\u00f3n del c\u00e0mping. Com a novetat, aquest any la Fira creix en superf\u00edcie i potencia les activitats destinades al p\u00fablic i tamb\u00e9 les jornades dedicades als professionals.<\/p>\n<p>El Sal\u00f3 amplia en aquesta edici\u00f3 la seva zona d\u2019exposici\u00f3 en 1.500 metres.\u00a0 En total disposa de 5.000 metres quadrats d\u2019exposici\u00f3 al recinte de la Fira i \u00a02.800\u00a0\u00a0 metres quadrats m\u00e9s a l\u2019exterior. Hi ha dues carpes amb autocaravanes, caravanes i accessoris de c\u00e0mping.<\/p>\n<p>Durant quatre dies el Palau de Fires de Girona es transformar\u00e0 en un gran c\u00e0mping amb tota l\u2019oferta d\u2019activitats que es pot trobar en aquestes instal\u00b7lacions i que aquest any es potencien. \u00a0\u00a0La recreaci\u00f3, que s\u2019aconsegueix amb espais verds, arbres i altres elements, fa que els visitants puguin viure per unes hores tota \u00a0l\u2019oferta que es poden trobar en un c\u00e0mping, envoltats de natura, i amb activitats i diversi\u00f3 per a tota la fam\u00edlia.\u00a0 S\u2019han previst diferents espais tematitzats amb elements que recrearan les quatre estacions de l\u2019any ja que hi ha un bon nombre de c\u00e0mpings que obren tots els mesos.<\/p>\n<p>Per aconseguir que el visitant pugui viure l\u2019experi\u00e8ncia d\u2019una estada en un c\u00e0mping i per mostrar que aquests establiments s\u00f3n els grans clubs de vacances del pa\u00eds, hi haur\u00e0, entre altres activitats, desfilades de mascotes de c\u00e0mpings, tallers de globoflexia, pallassos, circu\u00eft de ponis, castells inflables i minidisco. A la fira tamb\u00e9 hi haur\u00e0 una part de menjar amb \u00a0Food trucks. A Girocamping\u00a0 es poden veure les \u00faltimes novetats\u00a0 i tend\u00e8ncies del sector. Les empreses que hi exposen\u00a0 presenten els nous models de bulagows, mobilhomes i autocaravanes.<\/p>\n<p>La Fira s\u2019ha consolidat com a referent del sector del c\u00e0mping i dels parcs de vacances del sud d\u2019Europa. Est\u00e0 organitzada per l\u2019Associaci\u00f3 de C\u00e0mpings de Girona, amb la col\u00b7laboraci\u00f3 de l\u2019Ajuntament de Girona, el Patronat de Turisme Costa Brava Girona i l\u2019Ag\u00e8ncia Catalana de Turisme.<\/p>\n<p>\u00c9s l\u2019\u00fanica fira del sector amb el format mixte, tant pel professional de camping com pel client dels campings amb \u00a0caravanes, autocaravanes bungalous, accessoris, etc.<\/p>\n","protected":false},"excerpt":{"rendered":"<p>&nbsp; La quarta edici\u00f3 de Girocamping, la Fira del sector del c\u00e0mping i parcs de vacances \u00fanica en les seves caracter\u00edstiques a l\u2019Estat espanyol, ha obert \u00a0les seves portes amb el repte d\u2019incrementar els clients catalans i de l\u2019Estat espanyol que actualment representen un 5% dels visitants dels c\u00e0mpings gironins. \u00a0Girocamping se celebra fins diumenge [&hellip;]<\/p>\n","protected":false},"author":1,"featured_media":0,"comment_status":"closed","ping_status":"open","sticky":false,"template":"","format":"standard","meta":{"_acf_changed":false,"footnotes":""},"categories":[],"tags":[],"class_list":["post-97202","post","type-post","status-publish","format-standard","hentry"],"acf":[],"_links":{"self":[{"href":"https:\/\/acg.campingsingirona.com\/ca\/wp-json\/wp\/v2\/posts\/97202","targetHints":{"allow":["GET"]}}],"collection":[{"href":"https:\/\/acg.campingsingirona.com\/ca\/wp-json\/wp\/v2\/posts"}],"about":[{"href":"https:\/\/acg.campingsingirona.com\/ca\/wp-json\/wp\/v2\/types\/post"}],"author":[{"embeddable":true,"href":"https:\/\/acg.campingsingirona.com\/ca\/wp-json\/wp\/v2\/users\/1"}],"replies":[{"embeddable":true,"href":"https:\/\/acg.campingsingirona.com\/ca\/wp-json\/wp\/v2\/comments?post=97202"}],"version-history":[{"count":1,"href":"https:\/\/acg.campingsingirona.com\/ca\/wp-json\/wp\/v2\/posts\/97202\/revisions"}],"predecessor-version":[{"id":103949,"href":"https:\/\/acg.campingsingirona.com\/ca\/wp-json\/wp\/v2\/posts\/97202\/revisions\/103949"}],"wp:attachment":[{"href":"https:\/\/acg.campingsingirona.com\/ca\/wp-json\/wp\/v2\/media?parent=97202"}],"wp:term":[{"taxonomy":"category","embeddable":true,"href":"https:\/\/acg.campingsingirona.com\/ca\/wp-json\/wp\/v2\/categories?post=97202"},{"taxonomy":"post_tag","embeddable":true,"href":"https:\/\/acg.campingsingirona.com\/ca\/wp-json\/wp\/v2\/tags?post=97202"}],"curies":[{"name":"wp","href":"https:\/\/api.w.org\/{rel}","templated":true}]}}