{"id":97201,"date":"2016-02-28T00:00:00","date_gmt":"2016-02-28T00:00:00","guid":{"rendered":"https:\/\/acg.campingsingirona.com\/en\/blog\/el-camping-las-dunas-guardonat-amb-el-dcc-europa-preis-de-plati\/"},"modified":"2023-10-18T09:00:33","modified_gmt":"2023-10-18T09:00:33","slug":"el-camping-las-dunas-guardonat-amb-el-dcc-europa-preis-de-plati","status":"publish","type":"post","link":"https:\/\/acg.campingsingirona.com\/ca\/el-camping-las-dunas-guardonat-amb-el-dcc-europa-preis-de-plati\/","title":{"rendered":"El c\u00e0mping Las Dunas guardonat amb el DCC Europa-Preis de Plat\u00ed"},"content":{"rendered":"<p><a href=\"https:\/\/proves3.6tems.es\/blog.campingsingirona.com\/wp-content\/uploads\/2016\/02\/foto.jpg\"><img loading=\"lazy\" decoding=\"async\" class=\"alignnone size-medium wp-image-1106\" src=\"https:\/\/proves3.6tems.es\/blog.campingsingirona.com\/wp-content\/uploads\/2016\/02\/foto-300x200.jpg\" alt=\"foto\" width=\"300\" height=\"200\" \/><\/a><\/p>\n<p>&nbsp;<\/p>\n<p>Las Dunas, de Sant Pere Pescador, ha estat el primer c\u00e0mping de l\u2019Estat espanyol guardonat amb el \u201cDCC Europa-Preis de Plat\u00ed\u201d, una distinci\u00f3 de m\u00e0xim prestigi atorgada pel DCC (Deutscher Camping Club), el principal club de caravanistes alemany (amb uns 85.000). A l\u2019acte, celebrat a Essen, nom\u00e9s s\u2019han guardonat dos c\u00e0mpings a tot Europa: Las Dunas i un c\u00e0mping alemany. El premi s\u2019ha entregat en el marc de la fira internacional Viatges i Turisme, C\u00e0mping i Caravaning d\u2019Essen (Alemanya).<\/p>\n<p><strong>El premi s\u2019ha atorgat a Las Dunas per la seva traject\u00f2ria i excel\u00b7lent qualitat.<\/strong> Aquest c\u00e0mping havia rebut el 1997 el DCC Europa-Preis, la versi\u00f3 m\u00e9s simple d\u2019aquest prestigi\u00f3s premi, una condici\u00f3 indispensable per poder optar al \u201cPlatin Award\u201d. L&#8217;establiment tamb\u00e9 ha rebut molts altres premis, com l\u2019Alan Rogers, del caravan club brit\u00e0nic, al millor c\u00e0mping europeu 2016 per a fam\u00edlies i la mateixa nominaci\u00f3 per part del Real Touring Club dels Pa\u00efsos Baixos. El president de l\u2019Associaci\u00f3 de C\u00e0mpings de Girona, Miquel Gotanegra, destaca la gran import\u00e0ncia d\u2019aquest premi, que atorguen els propis clients d\u2019un c\u00e0mping, i el gran reconeixement obtingut a l\u2019\u00e0mbit europeu pels c\u00e0mpings de les comarques de Girona, que ja sumen aquest any deu guardons procedents d\u2019Alemanya i d\u2019Holanda.<\/p>\n<p>L\u2019inici de la traject\u00f2ria professional de Josep Su\u00f1\u00e9 Sabad\u00ed,\u00a0 propietari de Las Dunas, es remunta als anys cinquanta. La fam\u00edlia tenia un terreny al municipi de l\u2019Escala i la idea de fer un c\u00e0mping va sorgir despr\u00e9s dels viatges fets a Europa, sobretot a Fran\u00e7a. L\u2019any 1958 es va obrir el c\u00e0mping l\u2019Escala i deu anys m\u00e9s tard, un cop ja consolidat, es va construir el c\u00e0mping Las Dunas, a Sant Pere Pescador. El fill de Josep Su\u00f1\u00e9, Frederic Su\u00f1\u00e9, es fa c\u00e0rrec actualment de la direcci\u00f3 del c\u00e0mping. Las Dunas \u00e9s un c\u00e0mping emblem\u00e0tic, amb 1.800 parcel\u00b7les a primera l\u00ednia de mar i amb un centenar de bungalous. A l\u2019estiu arriba a concentrar uns 5.000 clients i el 45% s\u00f3n alemanys.<\/p>\n","protected":false},"excerpt":{"rendered":"<p>&nbsp; Las Dunas, de Sant Pere Pescador, ha estat el primer c\u00e0mping de l\u2019Estat espanyol guardonat amb el \u201cDCC Europa-Preis de Plat\u00ed\u201d, una distinci\u00f3 de m\u00e0xim prestigi atorgada pel DCC (Deutscher Camping Club), el principal club de caravanistes alemany (amb uns 85.000). A l\u2019acte, celebrat a Essen, nom\u00e9s s\u2019han guardonat dos c\u00e0mpings a tot Europa: [&hellip;]<\/p>\n","protected":false},"author":1,"featured_media":0,"comment_status":"closed","ping_status":"open","sticky":false,"template":"","format":"standard","meta":{"_acf_changed":false,"footnotes":""},"categories":[],"tags":[],"class_list":["post-97201","post","type-post","status-publish","format-standard","hentry"],"acf":[],"_links":{"self":[{"href":"https:\/\/acg.campingsingirona.com\/ca\/wp-json\/wp\/v2\/posts\/97201","targetHints":{"allow":["GET"]}}],"collection":[{"href":"https:\/\/acg.campingsingirona.com\/ca\/wp-json\/wp\/v2\/posts"}],"about":[{"href":"https:\/\/acg.campingsingirona.com\/ca\/wp-json\/wp\/v2\/types\/post"}],"author":[{"embeddable":true,"href":"https:\/\/acg.campingsingirona.com\/ca\/wp-json\/wp\/v2\/users\/1"}],"replies":[{"embeddable":true,"href":"https:\/\/acg.campingsingirona.com\/ca\/wp-json\/wp\/v2\/comments?post=97201"}],"version-history":[{"count":1,"href":"https:\/\/acg.campingsingirona.com\/ca\/wp-json\/wp\/v2\/posts\/97201\/revisions"}],"predecessor-version":[{"id":103948,"href":"https:\/\/acg.campingsingirona.com\/ca\/wp-json\/wp\/v2\/posts\/97201\/revisions\/103948"}],"wp:attachment":[{"href":"https:\/\/acg.campingsingirona.com\/ca\/wp-json\/wp\/v2\/media?parent=97201"}],"wp:term":[{"taxonomy":"category","embeddable":true,"href":"https:\/\/acg.campingsingirona.com\/ca\/wp-json\/wp\/v2\/categories?post=97201"},{"taxonomy":"post_tag","embeddable":true,"href":"https:\/\/acg.campingsingirona.com\/ca\/wp-json\/wp\/v2\/tags?post=97201"}],"curies":[{"name":"wp","href":"https:\/\/api.w.org\/{rel}","templated":true}]}}