{"id":97198,"date":"2015-12-19T00:00:00","date_gmt":"2015-12-19T00:00:00","guid":{"rendered":"https:\/\/acg.campingsingirona.com\/en\/blog\/lassociacio-de-campings-de-girona-rep-el-premi-g-xiquet-sabater-del-patronat-de-turisme-per-la-potent-promocio-del-territori-gironi\/"},"modified":"2023-10-18T09:00:27","modified_gmt":"2023-10-18T09:00:27","slug":"lassociacio-de-campings-de-girona-rep-el-premi-g-xiquet-sabater-del-patronat-de-turisme-per-la-potent-promocio-del-territori-gironi","status":"publish","type":"post","link":"https:\/\/acg.campingsingirona.com\/ca\/lassociacio-de-campings-de-girona-rep-el-premi-g-xiquet-sabater-del-patronat-de-turisme-per-la-potent-promocio-del-territori-gironi\/","title":{"rendered":"L\u2019Associaci\u00f3 de c\u00e0mpings de Girona rep el premi G! Xiquet Sabater del Patronat de Turisme  per la potent promoci\u00f3 del territori giron\u00ed"},"content":{"rendered":"<p><a href=\"https:\/\/proves3.6tems.es\/blog.campingsingirona.com\/wp-content\/uploads\/2015\/12\/aaa.jpg\"><img loading=\"lazy\" decoding=\"async\" class=\"alignnone size-medium wp-image-1092\" src=\"https:\/\/proves3.6tems.es\/blog.campingsingirona.com\/wp-content\/uploads\/2015\/12\/aaa-300x200.jpg\" alt=\"aaa\" width=\"300\" height=\"200\" \/><\/a><\/p>\n<p>&nbsp;<\/p>\n<p>L\u2019Associaci\u00f3 de C\u00e0mpings de Girona ha estat guardonada amb el Premi G! que atorga anualment el Patronat de Turisme en reconeixement a la traject\u00f2ria i la bona gesti\u00f3 empresarial dels professionals tur\u00edstics gironins. El guard\u00f3 es va lliurar el 10 de desembre en un acte celebrat al Mas Marroch del Celler de Can Roca, a Vilablareix.<\/p>\n<p>L\u2019Associaci\u00f3 de c\u00e0mpings de Girona ha rebut el<strong> premi G! Xiquet Sabater 2015<\/strong> per \u201c<em>la tasca que est\u00e0 duent a terme de promoci\u00f3 del territori giron\u00ed i de posicionament de la Costa Brava i el Pirineu de Girona com a destinaci\u00f3 de qualitat entre els principals mercats emissors<\/em>\u201d.<\/p>\n<p>El guard\u00f3 el va recollir el president de l\u2019Associaci\u00f3, Miquel Gotanegra, que va destacar que \u201c<em>\u00e9s fruit de la intensa feina que est\u00e0 fent el sector del c\u00e0mping a les comarques gironins i concretament de tots els equips que, amb el seu esfor\u00e7 i dedicaci\u00f3, han aconseguit que els c\u00e0mpings gironins siguin capdavanters a Europa\u201d.<\/em> Gotanegra va recordar que l\u2019Associaci\u00f3 representa el 80 per cent de la totalitat dels c\u00e0mpings gironins i que els establiments generen m\u00e9s de 8 milions de pernoctacions. <em>\u201cFa gaireb\u00e9 40 anys que els c\u00e0mpings gironins estan fent d\u2019ambaixadors de les comarques de Girona arreu<\/em>\u201d, va assegurar el president de l\u2019Associaci\u00f3, qui tamb\u00e9 va subratllar l\u2019aposta del sector per la cooperaci\u00f3 p\u00fablicoprivada com a clau per aconseguir l\u2019\u00e8xit.<\/p>\n<p>&nbsp;<\/p>\n<p>Els c\u00e0mpings gironins\u00a0 han rebut nombrosos reconeixements internacionals per la seva excel.l\u00e8ncia , un fet que \u00e9s el resultat de l\u2019esfor\u00e7 en inversi\u00f3 que cont\u00ednuament estant realitzant els empresaris del sector . En els \u00faltims dos anys els c\u00e0mpings gironins han invertit 28\u20195 milions \u00a0en nous equipament , serveis i millora de les instal.lacions \u00a0per mantenir aquest lideratge en qualitat .<\/p>\n<p>&nbsp;<\/p>\n<p><strong>Tercer premi en un any<\/strong><\/p>\n<p>El premi G! Xiquet Sabater \u00e9s el tercer guard\u00f3 que l\u2019Associaci\u00f3 de C\u00e0mpings ha rebut aquest any. El passat mes d\u2019octubre l\u2019entitat va ser guardonada a Barcelona amb el <strong>Premi CCC a la millor iniciativa ling\u00fc\u00edstica del sector comercial \u2013Memorial Merc\u00e8 Canal<\/strong> que concedeix la Confederaci\u00f3 del Comer\u00e7 de Catalunya . L\u2019Associaci\u00f3 va ser premiada en la Categoria d\u2019Entitats i el jurat en va remarcar la pol\u00edtica comunicativa en catal\u00e0, tant interna com externa; el blog oficial i la p\u00e0gina web de l\u2019entitat en catal\u00e0 (aquesta darrera tamb\u00e9 en altres idiomes) que permet fer reserves en l\u00ednia; i el fet que el multiling\u00fcisme per poder atendre els visitants estrangers no fa perdre l\u2019\u00fas del catal\u00e0 i es respecta en la web, per al turisme interior, i , alhora, es projecta i es fa visible aquesta llengua a l\u2019exterior.<\/p>\n<p>Aquest guard\u00f3 s\u2019afegeix al\u00a0 <strong>Premi Alimara<\/strong> que l\u2019Associaci\u00f3 va rebre el passat 17 d\u2019abril\u00a0 per la seva potent i innovadora campanya de promoci\u00f3 duta a terme durant el 2014 que inclou el \u201cCampings Experience\u201d, un producte innovador que es va posar en marxa per potenciar el turisme de proximitat; el motor de reserves online a trav\u00e9s del web <a href=\"http:\/\/www.campingsingirona.com\">www.campingsingirona.com<\/a> \u00a0, la celebraci\u00f3 del Gironcamping i les accions a Fires entre les que destaca la celebrada a Stuttgart ,on els c\u00e0mpings van rebre importants reconeixements europeus per la qualitat de les intal.lacions. \u00a0Aquest premi el \u00a0concedeix el prestigi\u00f3s CETT ,centre dedicat\u00a0 a la formaci\u00f3 en turisme i hostaleria i a la investigaci\u00f3 i assessorament tur\u00edstic, i el Sal\u00f3 B-Travel.<\/p>\n<p>L\u2019Associaci\u00f3 de c\u00e0mpings de les comarques de Girona, fundada al 1977, \u00e9s la m\u00e9s antiga d\u2019Espanya. Compta amb 75 establiments associats ( m\u00e9s del 80 per cent dels c\u00e0mpings de les comarques de Girona )\u00a0 i ofereix m\u00e9s de 120.000 places d\u2019 allotjament. El total de places d\u2019allotjament de c\u00e0mpings de la demarcaci\u00f3 \u00e9s de 135.000, una xifra que situa al sector com la primera oferta tur\u00edstica reglada.<\/p>\n","protected":false},"excerpt":{"rendered":"<p>&nbsp; L\u2019Associaci\u00f3 de C\u00e0mpings de Girona ha estat guardonada amb el Premi G! que atorga anualment el Patronat de Turisme en reconeixement a la traject\u00f2ria i la bona gesti\u00f3 empresarial dels professionals tur\u00edstics gironins. El guard\u00f3 es va lliurar el 10 de desembre en un acte celebrat al Mas Marroch del Celler de Can Roca, [&hellip;]<\/p>\n","protected":false},"author":1,"featured_media":0,"comment_status":"closed","ping_status":"open","sticky":false,"template":"","format":"standard","meta":{"_acf_changed":false,"footnotes":""},"categories":[],"tags":[],"class_list":["post-97198","post","type-post","status-publish","format-standard","hentry"],"acf":[],"_links":{"self":[{"href":"https:\/\/acg.campingsingirona.com\/ca\/wp-json\/wp\/v2\/posts\/97198","targetHints":{"allow":["GET"]}}],"collection":[{"href":"https:\/\/acg.campingsingirona.com\/ca\/wp-json\/wp\/v2\/posts"}],"about":[{"href":"https:\/\/acg.campingsingirona.com\/ca\/wp-json\/wp\/v2\/types\/post"}],"author":[{"embeddable":true,"href":"https:\/\/acg.campingsingirona.com\/ca\/wp-json\/wp\/v2\/users\/1"}],"replies":[{"embeddable":true,"href":"https:\/\/acg.campingsingirona.com\/ca\/wp-json\/wp\/v2\/comments?post=97198"}],"version-history":[{"count":1,"href":"https:\/\/acg.campingsingirona.com\/ca\/wp-json\/wp\/v2\/posts\/97198\/revisions"}],"predecessor-version":[{"id":103945,"href":"https:\/\/acg.campingsingirona.com\/ca\/wp-json\/wp\/v2\/posts\/97198\/revisions\/103945"}],"wp:attachment":[{"href":"https:\/\/acg.campingsingirona.com\/ca\/wp-json\/wp\/v2\/media?parent=97198"}],"wp:term":[{"taxonomy":"category","embeddable":true,"href":"https:\/\/acg.campingsingirona.com\/ca\/wp-json\/wp\/v2\/categories?post=97198"},{"taxonomy":"post_tag","embeddable":true,"href":"https:\/\/acg.campingsingirona.com\/ca\/wp-json\/wp\/v2\/tags?post=97198"}],"curies":[{"name":"wp","href":"https:\/\/api.w.org\/{rel}","templated":true}]}}