{"id":97195,"date":"2015-11-03T00:00:00","date_gmt":"2015-11-03T00:00:00","guid":{"rendered":"https:\/\/acg.campingsingirona.com\/en\/blog\/els-campings-gironins-visiten-la-fira-de-montpellier-un-referent-per-mantenir-la-innovacio-constant\/"},"modified":"2023-10-18T09:00:22","modified_gmt":"2023-10-18T09:00:22","slug":"els-campings-gironins-visiten-la-fira-de-montpellier-un-referent-per-mantenir-la-innovacio-constant","status":"publish","type":"post","link":"https:\/\/acg.campingsingirona.com\/ca\/els-campings-gironins-visiten-la-fira-de-montpellier-un-referent-per-mantenir-la-innovacio-constant\/","title":{"rendered":"Els c\u00e0mpings gironins visiten la  fira de Montpellier, un referent per mantenir la innovaci\u00f3 constant"},"content":{"rendered":"<p><a href=\"https:\/\/proves3.6tems.es\/blog.campingsingirona.com\/wp-content\/uploads\/2015\/11\/a.jpg\"><img loading=\"lazy\" decoding=\"async\" class=\"alignnone size-medium wp-image-1081\" src=\"https:\/\/proves3.6tems.es\/blog.campingsingirona.com\/wp-content\/uploads\/2015\/11\/a-300x200.jpg\" alt=\"a\" width=\"300\" height=\"200\" \/><\/a><\/p>\n<p>Una trentena d\u2019empresaris, directius i gestors de c\u00e0mpings de les comarques de Girona han visitat la 37 edici\u00f3 del SETT, el sal\u00f3 dels equipaments i t\u00e8cniques del turisme de Montpellier, una fira de refer\u00e8ncia per al sector. La visita, que ha estat organitzada per l\u2019Associaci\u00f3 de c\u00e0mpings de Girona, ha perm\u00e8s con\u00e8ixer un any m\u00e9s les novetats sobre oferta de serveis, aplicacions inform\u00e0tiques i equipaments.<\/p>\n<p>Els c\u00e0mpings de les comarques de Girona fan un esfor\u00e7 constant en innovaci\u00f3 i les inversions permeten mantenir al dia les seves instal.lacions i la qualitat i l\u2019excel.l\u00e8ncia dels allotjaments i serveis que ofereixen, un esfor\u00e7 que s\u2019ha traduit en els \u00faltims any en un gran nombre de reconeixements internacionals. La visita al SETT ajuda a consolidar aquest lideratge.<\/p>\n<p>Aquesta fira professional, que se celebra del 3 al 5 de novembre, disposa de m\u00e9s de 40.000 metres quadrats i reuneix uns 500 expositors. Est\u00e0 organitzada per la F\u00e9d\u00e9ration de l\u2019Hotellerie de Plein Air.<\/p>\n<p>&nbsp;<\/p>\n","protected":false},"excerpt":{"rendered":"<p>Una trentena d\u2019empresaris, directius i gestors de c\u00e0mpings de les comarques de Girona han visitat la 37 edici\u00f3 del SETT, el sal\u00f3 dels equipaments i t\u00e8cniques del turisme de Montpellier, una fira de refer\u00e8ncia per al sector. La visita, que ha estat organitzada per l\u2019Associaci\u00f3 de c\u00e0mpings de Girona, ha perm\u00e8s con\u00e8ixer un any m\u00e9s [&hellip;]<\/p>\n","protected":false},"author":1,"featured_media":0,"comment_status":"closed","ping_status":"open","sticky":false,"template":"","format":"standard","meta":{"_acf_changed":false,"footnotes":""},"categories":[],"tags":[],"class_list":["post-97195","post","type-post","status-publish","format-standard","hentry"],"acf":[],"_links":{"self":[{"href":"https:\/\/acg.campingsingirona.com\/ca\/wp-json\/wp\/v2\/posts\/97195","targetHints":{"allow":["GET"]}}],"collection":[{"href":"https:\/\/acg.campingsingirona.com\/ca\/wp-json\/wp\/v2\/posts"}],"about":[{"href":"https:\/\/acg.campingsingirona.com\/ca\/wp-json\/wp\/v2\/types\/post"}],"author":[{"embeddable":true,"href":"https:\/\/acg.campingsingirona.com\/ca\/wp-json\/wp\/v2\/users\/1"}],"replies":[{"embeddable":true,"href":"https:\/\/acg.campingsingirona.com\/ca\/wp-json\/wp\/v2\/comments?post=97195"}],"version-history":[{"count":1,"href":"https:\/\/acg.campingsingirona.com\/ca\/wp-json\/wp\/v2\/posts\/97195\/revisions"}],"predecessor-version":[{"id":103942,"href":"https:\/\/acg.campingsingirona.com\/ca\/wp-json\/wp\/v2\/posts\/97195\/revisions\/103942"}],"wp:attachment":[{"href":"https:\/\/acg.campingsingirona.com\/ca\/wp-json\/wp\/v2\/media?parent=97195"}],"wp:term":[{"taxonomy":"category","embeddable":true,"href":"https:\/\/acg.campingsingirona.com\/ca\/wp-json\/wp\/v2\/categories?post=97195"},{"taxonomy":"post_tag","embeddable":true,"href":"https:\/\/acg.campingsingirona.com\/ca\/wp-json\/wp\/v2\/tags?post=97195"}],"curies":[{"name":"wp","href":"https:\/\/api.w.org\/{rel}","templated":true}]}}