{"id":97194,"date":"2015-10-26T00:00:00","date_gmt":"2015-10-26T00:00:00","guid":{"rendered":"https:\/\/acg.campingsingirona.com\/en\/blog\/lassociacio-de-campings-de-girona-guardonada-per-la-seva-difusio-del-catala\/"},"modified":"2023-10-18T09:00:21","modified_gmt":"2023-10-18T09:00:21","slug":"lassociacio-de-campings-de-girona-guardonada-per-la-seva-difusio-del-catala","status":"publish","type":"post","link":"https:\/\/acg.campingsingirona.com\/ca\/lassociacio-de-campings-de-girona-guardonada-per-la-seva-difusio-del-catala\/","title":{"rendered":"L\u2019Associaci\u00f3 de C\u00e0mpings de Girona guardonada per la seva difusi\u00f3 del catal\u00e0"},"content":{"rendered":"<p><a href=\"https:\/\/proves3.6tems.es\/blog.campingsingirona.com\/wp-content\/uploads\/2015\/10\/bbb1.jpg\"><img loading=\"lazy\" decoding=\"async\" class=\"alignnone size-medium wp-image-1077\" src=\"https:\/\/proves3.6tems.es\/blog.campingsingirona.com\/wp-content\/uploads\/2015\/10\/bbb1-300x200.jpg\" alt=\"bbb\" width=\"300\" height=\"200\" \/><\/a><\/p>\n<p><strong>\u00a0<\/strong>L\u2019Associaci\u00f3 de C\u00e0mpings de Girona ha rebut \u00a0a Barcelona el Premi CCC a la millor iniciativa ling\u00fc\u00edstica del sector comercial \u2013Memorial Merc\u00e8 Canal que concedeix la Confederaci\u00f3 del Comer\u00e7 de Catalunya . El guard\u00f3, que aquest any ha arribat a la 12a edici\u00f3, t\u00e9 com a finalitat recon\u00e8ixer l\u2019esfor\u00e7 que fan les entitats, empreses i associacions dels sector del comer\u00e7, dels serveis i del turisme per promoure l\u2019\u00fas del catal\u00e0.\u00a0 I compta amb el suport de la Generalitat de Catalunya a trav\u00e9s dels departaments d\u2019Empresa i Ocupaci\u00f3, de Cultura ( Direcci\u00f3 General de Pol\u00edtica ling\u00fc\u00edstica) i de Benestar Social i Fam\u00edlia ( Direcci\u00f3 General per a la Immigraci\u00f3).<\/p>\n<p>L\u2019Associaci\u00f3 de C\u00e0mpings de Girona ha estat premiada en la Categoria d\u2019Entitats. El Jurat n\u2019ha remarcat la pol\u00edtica comunicativa en catal\u00e0, tant interna com externa; el blog oficial i la p\u00e0gina web de l\u2019entitat en catal\u00e0 (aquesta darrera tamb\u00e9 en altres idiomes) que permet fer reserves en l\u00ednia; i el fet que el multiling\u00fcisme per poder atendre els visitants estrangers no fa perdre l\u2019\u00fas del catal\u00e0 i es respecta en la web, per al turisme interior, i , alhora, es projecta i es fa visible aquesta llengua a l\u2019exterior.<\/p>\n<p>El premi l\u2019ha recollit el president de l\u2019Associaci\u00f3, Miquel Gotanegra,\u00a0 que ha agra\u00eft el reconeixement i ha destacat que <em>\u201c\u00e9s fruit de la feina de tots els c\u00e0mpings gironins\u201d. <\/em>Gotanegra ha recordat que des de l\u2019Associaci\u00f3 s\u2019intenta \u201c<em>fer viure al turista les experi\u00e8ncies del nostre territori\u201d.<\/em><\/p>\n<p><strong>Segon premi en un any<\/strong><\/p>\n<p>Aquest guard\u00f3 s\u2019afegeix al\u00a0 <strong>Premi Alimara<\/strong> que l\u2019Associaci\u00f3 va rebre el passat 17 d\u2019abril\u00a0 per la seva potent i innovadora campanya de promoci\u00f3 duta a terme durant el 2014. Es tracta d\u2019un premi que \u00a0concedeix el prestigi\u00f3s CETT ,centre dedicat\u00a0 a la formaci\u00f3 en turisme i hostaleria i a la investigaci\u00f3 i assessorament tur\u00edstic, i el Sal\u00f3 B-Travel.<\/p>\n<p>En concret, la campanya de promoci\u00f3 premiada amb l\u2019<strong>Alimara <\/strong>\u00a0\u00a0inclou el producte\u00a0 molt innovador \u2018<em>Campings Experience\u2019<\/em> que es va posar en marxa \u00a0per potenciar el turisme de proximitat. \u00c9s el primer pack dels c\u00e0mpings, \u00a0ideat perqu\u00e8 el turista que no conegui aquests establiments en pugui gaudir i est\u00e0 editat en catal\u00e0, castell\u00e0, franc\u00e8s i angl\u00e8s. Les reserves tamb\u00e9 es poden fer a trav\u00e9s del web <a href=\"http:\/\/www.campingsexperience.com\" target=\"_blank\" rel=\"noopener\">www.campingsexperience.com<\/a> . Tamb\u00e9 s\u2019hi inclou el motor de reserves online per als c\u00e0mpings associats\u00a0 a trav\u00e9s del web <a href=\"http:\/\/www.campingsingirona.com\">www.campingsingirona.com<\/a>\u00a0 que s\u2019ha renovat per tal que sigui una eina de promoci\u00f3 i difusi\u00f3 exemplar en el sector i que s\u2019ofereix en 7 idiomes i incorpora una Intranet; el sal\u00f3 Girocamping que s\u2019ha consolidat com el gran aparador del sector; i l\u2019acci\u00f3 destacada que es va dur a terme al gener del 2014 a Stuttgart ,\u00a0 on 7 c\u00e0mpings gironins van rebre el prestigi\u00f3s guard\u00f3 \u201cBest C\u00e0mping\u201d que atorga l\u2019ADAC ( l\u2019Associaci\u00f3 automobil\u00edstica amb m\u00e9s socis d\u2019Alemanya) i el club automobilista holand\u00e8s ANWB.<\/p>\n<p>L\u2019Associaci\u00f3 de c\u00e0mpings de les comarques de Girona, fundada al 1977, \u00e9s la m\u00e9s antiga d\u2019Espanya. Compta amb 75 establiments associats ( m\u00e9s del 80 per cent dels c\u00e0mpings de les comarques de Girona )\u00a0 i ofereix m\u00e9s de 120.000 places d\u2019 allotjament. El total de places d\u2019allotjament de c\u00e0mpings de la demarcaci\u00f3 \u00e9s de 135.000, una xifra que situa al sector com la primera oferta tur\u00edstica reglada.<\/p>\n","protected":false},"excerpt":{"rendered":"<p>\u00a0L\u2019Associaci\u00f3 de C\u00e0mpings de Girona ha rebut \u00a0a Barcelona el Premi CCC a la millor iniciativa ling\u00fc\u00edstica del sector comercial \u2013Memorial Merc\u00e8 Canal que concedeix la Confederaci\u00f3 del Comer\u00e7 de Catalunya . El guard\u00f3, que aquest any ha arribat a la 12a edici\u00f3, t\u00e9 com a finalitat recon\u00e8ixer l\u2019esfor\u00e7 que fan les entitats, empreses i [&hellip;]<\/p>\n","protected":false},"author":1,"featured_media":0,"comment_status":"closed","ping_status":"open","sticky":false,"template":"","format":"standard","meta":{"_acf_changed":false,"footnotes":""},"categories":[],"tags":[],"class_list":["post-97194","post","type-post","status-publish","format-standard","hentry"],"acf":[],"_links":{"self":[{"href":"https:\/\/acg.campingsingirona.com\/ca\/wp-json\/wp\/v2\/posts\/97194","targetHints":{"allow":["GET"]}}],"collection":[{"href":"https:\/\/acg.campingsingirona.com\/ca\/wp-json\/wp\/v2\/posts"}],"about":[{"href":"https:\/\/acg.campingsingirona.com\/ca\/wp-json\/wp\/v2\/types\/post"}],"author":[{"embeddable":true,"href":"https:\/\/acg.campingsingirona.com\/ca\/wp-json\/wp\/v2\/users\/1"}],"replies":[{"embeddable":true,"href":"https:\/\/acg.campingsingirona.com\/ca\/wp-json\/wp\/v2\/comments?post=97194"}],"version-history":[{"count":1,"href":"https:\/\/acg.campingsingirona.com\/ca\/wp-json\/wp\/v2\/posts\/97194\/revisions"}],"predecessor-version":[{"id":103941,"href":"https:\/\/acg.campingsingirona.com\/ca\/wp-json\/wp\/v2\/posts\/97194\/revisions\/103941"}],"wp:attachment":[{"href":"https:\/\/acg.campingsingirona.com\/ca\/wp-json\/wp\/v2\/media?parent=97194"}],"wp:term":[{"taxonomy":"category","embeddable":true,"href":"https:\/\/acg.campingsingirona.com\/ca\/wp-json\/wp\/v2\/categories?post=97194"},{"taxonomy":"post_tag","embeddable":true,"href":"https:\/\/acg.campingsingirona.com\/ca\/wp-json\/wp\/v2\/tags?post=97194"}],"curies":[{"name":"wp","href":"https:\/\/api.w.org\/{rel}","templated":true}]}}