{"id":97190,"date":"2015-09-04T00:00:00","date_gmt":"2015-09-04T00:00:00","guid":{"rendered":"https:\/\/acg.campingsingirona.com\/en\/blog\/un-grup-de-periodistes-britanics-visita-els-campings-de-les-comarques-de-girona\/"},"modified":"2023-10-18T09:00:12","modified_gmt":"2023-10-18T09:00:12","slug":"un-grup-de-periodistes-britanics-visita-els-campings-de-les-comarques-de-girona","status":"publish","type":"post","link":"https:\/\/acg.campingsingirona.com\/ca\/un-grup-de-periodistes-britanics-visita-els-campings-de-les-comarques-de-girona\/","title":{"rendered":"Un grup de periodistes brit\u00e0nics visita els c\u00e0mpings de les comarques de Girona"},"content":{"rendered":"<p>&nbsp;<\/p>\n<p><a href=\"https:\/\/proves3.6tems.es\/blog.campingsingirona.com\/wp-content\/uploads\/2015\/09\/IMG-20150904-WA0005.jpg\"><img loading=\"lazy\" decoding=\"async\" class=\"alignnone size-medium wp-image-1059\" src=\"https:\/\/proves3.6tems.es\/blog.campingsingirona.com\/wp-content\/uploads\/2015\/09\/IMG-20150904-WA0005-300x225.jpg\" alt=\"IMG-20150904-WA0005\" width=\"300\" height=\"225\" \/><\/a> <a href=\"https:\/\/proves3.6tems.es\/blog.campingsingirona.com\/wp-content\/uploads\/2015\/09\/IMG-20150903-WA0013.jpg\"><img loading=\"lazy\" decoding=\"async\" class=\"alignnone size-medium wp-image-1060\" src=\"https:\/\/proves3.6tems.es\/blog.campingsingirona.com\/wp-content\/uploads\/2015\/09\/IMG-20150903-WA0013-300x225.jpg\" alt=\"IMG-20150903-WA0013\" width=\"300\" height=\"225\" \/><\/a><\/p>\n<p>Un grup de sis periodistes brit\u00e0nics ha visitat aquesta setmana els c\u00e0mpings de les comarques de Girona en un viatge de premsa organitzat per l\u2019Associaci\u00f3 de C\u00e0mpings de Girona en col.laboraci\u00f3 amb l\u2019Ag\u00e8ncia Catalana de Turisme. L\u2019objectiu de la visita \u00e9s que els periodistes puguin con\u00e8ixer d\u2019aprop l\u2019alt nivell de les\u00a0 instal.lacions, que \u00a0acaparen un bon nombre de guardons i reconeixements a nivell europeu, \u00a0aix\u00ed com el territori giron\u00ed, la cultura i la gastronomia i que ho puguin divulgar al m\u00f3n anglosax\u00f3.<\/p>\n<p>El grup de periodistes provenen d\u2019Anglaterra, Esc\u00f2cia i Irlanda i escriuren en \u00a0mitjans gen\u00e8rics com The Daily Times o Irish Independent i mitjans espec\u00edfics\u00a0 del sector com Camping Magazine.<\/p>\n<p>Durant la seva estada, els periodistes \u00a0han visitat diversos c\u00e0mpings de la demarcaci\u00f3 per\u00f2 tamb\u00e9 han gaudit d\u2019activitats sobre el terreny a trav\u00e9s de programes que han combinat cultura, natura, esport i gastronomia. \u00a0El programa d\u2019activitats ha portat als participants , entre altres indrets, a visitar el parc Natural de la Garrotxa, el Museu Dal\u00ed, camins de ronda o a gaudir d\u2019itineraris en caiac.<\/p>\n<p>Aquesta visita s\u2019enmarca dins la potent campanya de promoci\u00f3 que l\u2019Associaci\u00f3 est\u00e0 duent a terme aquest any i que ha esta merexeidora del premi Alimara. Una campanya que \u00a0es completa amb la potenciaci\u00f3 del web de l\u2019associaci\u00f3 <a href=\"http:\/\/www.campingsingirona.com\/\">http:\/\/www.campingsingirona.com\/<\/a>\u00a0 que s\u2019ha renovat totalment per tal que sigui un aut\u00e8ntic motor de reserva per als c\u00e0mpings associats i\u00a0 una eina de promoci\u00f3 i difusi\u00f3 exemplar del sector. S\u2019ofereix en set idiomes i incorpora un Intranet. I tamb\u00e9 s\u2019han intensificat \u00a0les accions que es duen a terme per la via on-line per adaptar-se als nous models de la demanda tur\u00edstica i obrir nous mercats.<\/p>\n<p>L\u2019Associaci\u00f3 de c\u00e0mpings de les comarques de Girona compta amb 75 associats i ofereix 119.308 places d\u2019 allotjament. El total de places d\u2019allotjament de c\u00e0mpings de la demarcaci\u00f3 \u00e9s de 135.000, una xifra que situa al sector com la primera oferta tur\u00edstica reglada.<\/p>\n","protected":false},"excerpt":{"rendered":"<p>&nbsp; Un grup de sis periodistes brit\u00e0nics ha visitat aquesta setmana els c\u00e0mpings de les comarques de Girona en un viatge de premsa organitzat per l\u2019Associaci\u00f3 de C\u00e0mpings de Girona en col.laboraci\u00f3 amb l\u2019Ag\u00e8ncia Catalana de Turisme. L\u2019objectiu de la visita \u00e9s que els periodistes puguin con\u00e8ixer d\u2019aprop l\u2019alt nivell de les\u00a0 instal.lacions, que \u00a0acaparen [&hellip;]<\/p>\n","protected":false},"author":1,"featured_media":0,"comment_status":"closed","ping_status":"open","sticky":false,"template":"","format":"standard","meta":{"_acf_changed":false,"footnotes":""},"categories":[],"tags":[],"class_list":["post-97190","post","type-post","status-publish","format-standard","hentry"],"acf":[],"_links":{"self":[{"href":"https:\/\/acg.campingsingirona.com\/ca\/wp-json\/wp\/v2\/posts\/97190","targetHints":{"allow":["GET"]}}],"collection":[{"href":"https:\/\/acg.campingsingirona.com\/ca\/wp-json\/wp\/v2\/posts"}],"about":[{"href":"https:\/\/acg.campingsingirona.com\/ca\/wp-json\/wp\/v2\/types\/post"}],"author":[{"embeddable":true,"href":"https:\/\/acg.campingsingirona.com\/ca\/wp-json\/wp\/v2\/users\/1"}],"replies":[{"embeddable":true,"href":"https:\/\/acg.campingsingirona.com\/ca\/wp-json\/wp\/v2\/comments?post=97190"}],"version-history":[{"count":1,"href":"https:\/\/acg.campingsingirona.com\/ca\/wp-json\/wp\/v2\/posts\/97190\/revisions"}],"predecessor-version":[{"id":103937,"href":"https:\/\/acg.campingsingirona.com\/ca\/wp-json\/wp\/v2\/posts\/97190\/revisions\/103937"}],"wp:attachment":[{"href":"https:\/\/acg.campingsingirona.com\/ca\/wp-json\/wp\/v2\/media?parent=97190"}],"wp:term":[{"taxonomy":"category","embeddable":true,"href":"https:\/\/acg.campingsingirona.com\/ca\/wp-json\/wp\/v2\/categories?post=97190"},{"taxonomy":"post_tag","embeddable":true,"href":"https:\/\/acg.campingsingirona.com\/ca\/wp-json\/wp\/v2\/tags?post=97190"}],"curies":[{"name":"wp","href":"https:\/\/api.w.org\/{rel}","templated":true}]}}