{"id":97186,"date":"2015-06-28T00:00:00","date_gmt":"2015-06-28T00:00:00","guid":{"rendered":"https:\/\/acg.campingsingirona.com\/en\/blog\/els-campings-gironins-celebren-el-dia-del-camping-amb-nombroses-activitats\/"},"modified":"2023-10-18T09:00:06","modified_gmt":"2023-10-18T09:00:06","slug":"els-campings-gironins-celebren-el-dia-del-camping-amb-nombroses-activitats","status":"publish","type":"post","link":"https:\/\/acg.campingsingirona.com\/ca\/els-campings-gironins-celebren-el-dia-del-camping-amb-nombroses-activitats\/","title":{"rendered":"Els c\u00e0mpings gironins celebren el Dia del C\u00e0mping amb nombroses activitats"},"content":{"rendered":"<p>&nbsp;<\/p>\n<p><a href=\"https:\/\/proves3.6tems.es\/blog.campingsingirona.com\/wp-content\/uploads\/2015\/06\/686395.jpg_crop.jpg\"><img loading=\"lazy\" decoding=\"async\" class=\"alignnone size-medium wp-image-1036\" src=\"https:\/\/proves3.6tems.es\/blog.campingsingirona.com\/wp-content\/uploads\/2015\/06\/686395.jpg_crop-300x150.jpg\" alt=\"686395.jpg_crop\" width=\"300\" height=\"150\" \/><\/a><\/p>\n<p>Amb nombroses activitats han celebrat \u00a0els c\u00e0mpings gironins el Dia del C\u00e0mping. Es tracta d\u2019una iniciativa promoguda per la Federaci\u00f3 Espanyola d&#8217;empresaris del c\u00e0mping (FECC) que arriba a la sisena edici\u00f3 i que pret\u00e9n donar a con\u00e8ixer aquestes instal\u00b7lacions i les activitats que s\u2019hi poden fer tant a dins com a l\u2019entorn. Durant la jornada de portes obertes, s\u2019han pogut visitar els bungalous , gaudir de les instal\u00b7lacions esportives i participar en activitats variades com ara excursions en bicicleta, concursos, sortejos, concerts, menjars populars, activitats n\u00e0utiques com caiac o paddle surf, activitats esportives a la platja com voleibol , tennis i tallers infantils. Els c\u00e0mpings de les comarques gironines han rebut nombrosos reconeixements internacionals per la qualitat dels establiments i del servei que ofereixen. L\u2019Associaci\u00f3 de c\u00e0mpings de les comarques de Girona \u00e9s la m\u00e9s antiga d\u2019Espanya, compta amb 75 associats ( m\u00e9s del 80 per cent dels c\u00e0mpings de les comarques de Girona ) \u00a0i ofereix 119.308 places d\u2019 allotjament. El total de places d\u2019allotjament de c\u00e0mpings de la demarcaci\u00f3 \u00e9s de 135.000, una xifra que situa al sector com la primera oferta tur\u00edstica reglada.<\/p>\n","protected":false},"excerpt":{"rendered":"<p>&nbsp; Amb nombroses activitats han celebrat \u00a0els c\u00e0mpings gironins el Dia del C\u00e0mping. Es tracta d\u2019una iniciativa promoguda per la Federaci\u00f3 Espanyola d&#8217;empresaris del c\u00e0mping (FECC) que arriba a la sisena edici\u00f3 i que pret\u00e9n donar a con\u00e8ixer aquestes instal\u00b7lacions i les activitats que s\u2019hi poden fer tant a dins com a l\u2019entorn. Durant la [&hellip;]<\/p>\n","protected":false},"author":1,"featured_media":0,"comment_status":"closed","ping_status":"open","sticky":false,"template":"","format":"standard","meta":{"_acf_changed":false,"footnotes":""},"categories":[],"tags":[],"class_list":["post-97186","post","type-post","status-publish","format-standard","hentry"],"acf":[],"_links":{"self":[{"href":"https:\/\/acg.campingsingirona.com\/ca\/wp-json\/wp\/v2\/posts\/97186","targetHints":{"allow":["GET"]}}],"collection":[{"href":"https:\/\/acg.campingsingirona.com\/ca\/wp-json\/wp\/v2\/posts"}],"about":[{"href":"https:\/\/acg.campingsingirona.com\/ca\/wp-json\/wp\/v2\/types\/post"}],"author":[{"embeddable":true,"href":"https:\/\/acg.campingsingirona.com\/ca\/wp-json\/wp\/v2\/users\/1"}],"replies":[{"embeddable":true,"href":"https:\/\/acg.campingsingirona.com\/ca\/wp-json\/wp\/v2\/comments?post=97186"}],"version-history":[{"count":1,"href":"https:\/\/acg.campingsingirona.com\/ca\/wp-json\/wp\/v2\/posts\/97186\/revisions"}],"predecessor-version":[{"id":103933,"href":"https:\/\/acg.campingsingirona.com\/ca\/wp-json\/wp\/v2\/posts\/97186\/revisions\/103933"}],"wp:attachment":[{"href":"https:\/\/acg.campingsingirona.com\/ca\/wp-json\/wp\/v2\/media?parent=97186"}],"wp:term":[{"taxonomy":"category","embeddable":true,"href":"https:\/\/acg.campingsingirona.com\/ca\/wp-json\/wp\/v2\/categories?post=97186"},{"taxonomy":"post_tag","embeddable":true,"href":"https:\/\/acg.campingsingirona.com\/ca\/wp-json\/wp\/v2\/tags?post=97186"}],"curies":[{"name":"wp","href":"https:\/\/api.w.org\/{rel}","templated":true}]}}