{"id":97185,"date":"2015-06-23T00:00:00","date_gmt":"2015-06-23T00:00:00","guid":{"rendered":"https:\/\/acg.campingsingirona.com\/en\/blog\/lassociacio-de-campings-de-girona-tractara-amb-al-subdelegat-del-govern-el-problema-de-sabanell\/"},"modified":"2023-10-18T09:00:05","modified_gmt":"2023-10-18T09:00:05","slug":"lassociacio-de-campings-de-girona-tractara-amb-al-subdelegat-del-govern-el-problema-de-sabanell","status":"publish","type":"post","link":"https:\/\/acg.campingsingirona.com\/ca\/lassociacio-de-campings-de-girona-tractara-amb-al-subdelegat-del-govern-el-problema-de-sabanell\/","title":{"rendered":"L\u2019Associaci\u00f3 de c\u00e0mpings de Girona tractar\u00e0 amb al Subdelegat del Govern  el problema de s\u2019Abanell"},"content":{"rendered":"<p>Representants de l\u2019Associaci\u00f3 de C\u00e0mpings de Girona \u00a0i el subdelegat del Govern a Girona, Juan Manuel S\u00e1nchez-Bustamante, han acordat dur a terme una reuni\u00f3 el proper dilluns 29 de juny per abordar la problem\u00e0tica de la falta de sorra a\u00a0 platja de s\u2019Abanell que est\u00e0 causant importants perjudicis als c\u00e0mpings de Blanes i en general al sector tur\u00edstic de la zona . A la trobada, per intentar trobar una soluci\u00f3 al problema que fa anys que s\u2019arrossega, tamb\u00e9 est\u00e0 previst que hi assisteixi el cap de Costes a Girona, Jordi Planella.<\/p>\n<p>L\u2019Estat ha comen\u00e7at aquests darrers dies, seguint els plans del Ministeri de Medi Ambient, els treballs de regeneraci\u00f3 i aportaci\u00f3 de sorra a la zona de Malgrat de Mar i l\u2019Associaci\u00f3 demana que l\u2019actuaci\u00f3 s\u2019estengui a tot el delta de la Tordera i que \u00a0les m\u00e0quines puguin continuar fins a s\u2019Abanell que \u00e9s a tocar.<\/p>\n<p>A les portes de l\u2019inici de la temporada tur\u00edstica l\u2019Associaci\u00f3 de C\u00e0mpings de Girona considera urgent trobar una soluci\u00f3 al problema de s\u2019Abanell .<\/p>\n<p>\u201cSeria l\u00f2gic, ara que s\u2019ha iniciat l\u2019actuaci\u00f3, que els treballs poguessin arribar a la totalitat del delta de la Tordera, ja que les platges que hi ha a l\u2019entorn formen una mateixa unitat morfodin\u00e0mica a la que tamb\u00e9 pertany la platja de Blanes\u201d, remarca l\u2019entitat. Fa molt anys que el sector tur\u00edstic reivindica que les administracions s\u2019impliquin en una soluci\u00f3 que permeti la regeneraci\u00f3 i estabilitzaci\u00f3 de la platja de Blanes. La manca de sorra en uns 500 metres de la platja de s\u2019Abanell s\u2019ha convertit en un greu problema \u00a0pels c\u00e0mpings que hi ha a primera l\u00ednea de mar de Blanes; la situaci\u00f3 \u00e9s cr\u00edtica perqu\u00e8 veuen que \u00a0molts turistes se\u2019n van i d\u2019altres\u00a0 cancel\u00b7len reserves perqu\u00e8 no hi ha sorra. Els c\u00e0mpings han vist com\u00a0 en cinc anys s\u2019ha passat de tenir entre 60 i 70 metres d\u2019ample a no tenir gaireb\u00e9 sorra.<\/p>\n<p>Es creu que el principal motiu de la manca de sorra a s\u2019Abanell \u00e9s l\u2019extracci\u00f3 de 2\u20195 milions de metres c\u00fabics que es va fer davant la zona dels c\u00e0mpings a mitjans dels anys 90 per reposar les platges del sud del Maresme. El sector tur\u00edstic tamb\u00e9 ho atribueix al problema de la construcci\u00f3 de la dessaladora i als tubs de salmorra que hi ha superficials sobre la llera del riu i que fan que el sediment no arribi a la platja.<\/p>\n","protected":false},"excerpt":{"rendered":"<p>Representants de l\u2019Associaci\u00f3 de C\u00e0mpings de Girona \u00a0i el subdelegat del Govern a Girona, Juan Manuel S\u00e1nchez-Bustamante, han acordat dur a terme una reuni\u00f3 el proper dilluns 29 de juny per abordar la problem\u00e0tica de la falta de sorra a\u00a0 platja de s\u2019Abanell que est\u00e0 causant importants perjudicis als c\u00e0mpings de Blanes i en general [&hellip;]<\/p>\n","protected":false},"author":1,"featured_media":0,"comment_status":"closed","ping_status":"open","sticky":false,"template":"","format":"standard","meta":{"_acf_changed":false,"footnotes":""},"categories":[],"tags":[],"class_list":["post-97185","post","type-post","status-publish","format-standard","hentry"],"acf":[],"_links":{"self":[{"href":"https:\/\/acg.campingsingirona.com\/ca\/wp-json\/wp\/v2\/posts\/97185","targetHints":{"allow":["GET"]}}],"collection":[{"href":"https:\/\/acg.campingsingirona.com\/ca\/wp-json\/wp\/v2\/posts"}],"about":[{"href":"https:\/\/acg.campingsingirona.com\/ca\/wp-json\/wp\/v2\/types\/post"}],"author":[{"embeddable":true,"href":"https:\/\/acg.campingsingirona.com\/ca\/wp-json\/wp\/v2\/users\/1"}],"replies":[{"embeddable":true,"href":"https:\/\/acg.campingsingirona.com\/ca\/wp-json\/wp\/v2\/comments?post=97185"}],"version-history":[{"count":1,"href":"https:\/\/acg.campingsingirona.com\/ca\/wp-json\/wp\/v2\/posts\/97185\/revisions"}],"predecessor-version":[{"id":103932,"href":"https:\/\/acg.campingsingirona.com\/ca\/wp-json\/wp\/v2\/posts\/97185\/revisions\/103932"}],"wp:attachment":[{"href":"https:\/\/acg.campingsingirona.com\/ca\/wp-json\/wp\/v2\/media?parent=97185"}],"wp:term":[{"taxonomy":"category","embeddable":true,"href":"https:\/\/acg.campingsingirona.com\/ca\/wp-json\/wp\/v2\/categories?post=97185"},{"taxonomy":"post_tag","embeddable":true,"href":"https:\/\/acg.campingsingirona.com\/ca\/wp-json\/wp\/v2\/tags?post=97185"}],"curies":[{"name":"wp","href":"https:\/\/api.w.org\/{rel}","templated":true}]}}