{"id":97181,"date":"2015-05-25T00:00:00","date_gmt":"2015-05-25T00:00:00","guid":{"rendered":"https:\/\/acg.campingsingirona.com\/en\/blog\/un-grup-de-sis-periodistes-francesos-visita-els-campings-de-les-comarques-de-girona\/"},"modified":"2023-10-18T08:59:57","modified_gmt":"2023-10-18T08:59:57","slug":"un-grup-de-sis-periodistes-francesos-visita-els-campings-de-les-comarques-de-girona","status":"publish","type":"post","link":"https:\/\/acg.campingsingirona.com\/ca\/un-grup-de-sis-periodistes-francesos-visita-els-campings-de-les-comarques-de-girona\/","title":{"rendered":"Un grup de sis periodistes francesos visita els c\u00e0mpings de les comarques de Girona"},"content":{"rendered":"<p><a href=\"https:\/\/proves3.6tems.es\/blog.campingsingirona.com\/wp-content\/uploads\/2015\/05\/visita-periodistes-francesos-c\u00e0mpingsgironins.jpg\"><img loading=\"lazy\" decoding=\"async\" class=\"alignnone size-medium wp-image-1006\" src=\"https:\/\/proves3.6tems.es\/blog.campingsingirona.com\/wp-content\/uploads\/2015\/05\/visita-periodistes-francesos-c\u00e0mpingsgironins-300x225.jpg\" alt=\"visita periodistes francesos c\u00e0mpingsgironins\" width=\"300\" height=\"225\" \/><\/a><\/p>\n<p>Sis periodistes francesos de mitjans \u00a0especialitzats en el sector del c\u00e0mping han dut a terme aquest mes de maig una visita als c\u00e0mpings de les comarques de Girona en un viatge de premsa organitzat per l\u2019Associaci\u00f3 de C\u00e0mpings de Girona en col.laboraci\u00f3 amb l\u2019Ag\u00e8ncia Catalana de Turisme. L\u2019objectiu de la visita era que els periodistes poguessin con\u00e8ixer d\u2019aprop l\u2019alt nivell de les\u00a0 instal.lacions, que \u00a0acaparen un bon nombre de guardons i reconeixements a nivell europeu, \u00a0aix\u00ed com el territori giron\u00ed, la cultura i la gastronomia. El mercat franc\u00e9s \u00e9s un dels principals clients dels c\u00e0mpings gironins. El grup de sis periodistes que ha participat en la visita prov\u00e9 del nord de Fran\u00e7a i s\u2019ha traslladat en AVE. \u00a0Venien dels mitjans Le Monde du Plein Air, Le Monde du Camping-car, Easyvoyage.com, Camping et Caravaning, Camping-car Magazine, Campingfrance.com i D\u00e9cisions HPA. Durant la seva estada, els periodistes \u00a0han visitat \u00a0diversos c\u00e0mpings de la demarcaci\u00f3 per\u00f2 tamb\u00e9 han gaudit d\u2019activitats sobre el terreny a trav\u00e9s de programes que han combinat cultura, natura, esport i gastronomia. \u00a0El programa d\u2019activitats ha portat als participants , entre altres indrets, a visitar els Aiguamolls de l\u2019Empord\u00e0, la bas\u00edlica de santa Maria de Castell\u00f3 d\u2019Emp\u00faries i la cer\u00e0mica de la Bisbal d\u2019Empord\u00e0 i a rec\u00f3rrer \u00a0camins de ronda\u00a0\u00a0 i gaudir de passejos amb embarcacions. Aquesta visita s\u2019enmarca dins la potent campanya de promoci\u00f3 que l\u2019Associaci\u00f3 ha programat per aquest any i que inclou, al setembre, \u00a0una altra visita de periodistes especialitzats alemanys i anglesos. La campanya de promoci\u00f3 d\u2019aquest any es completa amb la potenciaci\u00f3 del web de l\u2019associaci\u00f3 <a href=\"http:\/\/www.campingsingirona.com\/\">http:\/\/www.campingsingirona.com\/<\/a>\u00a0 que s\u2019ha renovat totalment per tal que sigui un aut\u00e8ntic motor de reserva per als c\u00e0mpings associats i\u00a0 una eina de promoci\u00f3 i difusi\u00f3 exemplar del sector. S\u2019ofereix en set idiomes i incorpora un Intranet. I tamb\u00e9 s\u2019han intensificat \u00a0les accions que es duen a terme per la via on-line per adaptar-se als nous models de la demanda tur\u00edstica i obrir nous mercats. L\u2019Associaci\u00f3 de c\u00e0mpings de les comarques de Girona compta amb 75 associats i ofereix 119.308 places d\u2019 allotjament. El total de places d\u2019allotjament de c\u00e0mpings de la demarcaci\u00f3 \u00e9s de 135.000, una xifra que situa al sector com la primera oferta tur\u00edstica reglada.<\/p>\n","protected":false},"excerpt":{"rendered":"<p>Sis periodistes francesos de mitjans \u00a0especialitzats en el sector del c\u00e0mping han dut a terme aquest mes de maig una visita als c\u00e0mpings de les comarques de Girona en un viatge de premsa organitzat per l\u2019Associaci\u00f3 de C\u00e0mpings de Girona en col.laboraci\u00f3 amb l\u2019Ag\u00e8ncia Catalana de Turisme. L\u2019objectiu de la visita era que els periodistes [&hellip;]<\/p>\n","protected":false},"author":1,"featured_media":0,"comment_status":"closed","ping_status":"open","sticky":false,"template":"","format":"standard","meta":{"_acf_changed":false,"footnotes":""},"categories":[],"tags":[],"class_list":["post-97181","post","type-post","status-publish","format-standard","hentry"],"acf":[],"_links":{"self":[{"href":"https:\/\/acg.campingsingirona.com\/ca\/wp-json\/wp\/v2\/posts\/97181","targetHints":{"allow":["GET"]}}],"collection":[{"href":"https:\/\/acg.campingsingirona.com\/ca\/wp-json\/wp\/v2\/posts"}],"about":[{"href":"https:\/\/acg.campingsingirona.com\/ca\/wp-json\/wp\/v2\/types\/post"}],"author":[{"embeddable":true,"href":"https:\/\/acg.campingsingirona.com\/ca\/wp-json\/wp\/v2\/users\/1"}],"replies":[{"embeddable":true,"href":"https:\/\/acg.campingsingirona.com\/ca\/wp-json\/wp\/v2\/comments?post=97181"}],"version-history":[{"count":1,"href":"https:\/\/acg.campingsingirona.com\/ca\/wp-json\/wp\/v2\/posts\/97181\/revisions"}],"predecessor-version":[{"id":103928,"href":"https:\/\/acg.campingsingirona.com\/ca\/wp-json\/wp\/v2\/posts\/97181\/revisions\/103928"}],"wp:attachment":[{"href":"https:\/\/acg.campingsingirona.com\/ca\/wp-json\/wp\/v2\/media?parent=97181"}],"wp:term":[{"taxonomy":"category","embeddable":true,"href":"https:\/\/acg.campingsingirona.com\/ca\/wp-json\/wp\/v2\/categories?post=97181"},{"taxonomy":"post_tag","embeddable":true,"href":"https:\/\/acg.campingsingirona.com\/ca\/wp-json\/wp\/v2\/tags?post=97181"}],"curies":[{"name":"wp","href":"https:\/\/api.w.org\/{rel}","templated":true}]}}