{"id":97135,"date":"2012-07-24T00:00:00","date_gmt":"2012-07-24T00:00:00","guid":{"rendered":"https:\/\/acg.campingsingirona.com\/en\/blog\/comunicat-de-lassociacio-de\/"},"modified":"2023-10-18T08:59:08","modified_gmt":"2023-10-18T08:59:08","slug":"comunicat-de-lassociacio-de","status":"publish","type":"post","link":"https:\/\/acg.campingsingirona.com\/ca\/comunicat-de-lassociacio-de\/","title":{"rendered":"Comunicat de l&#8217;Associaci\u00f3 de &#8230;"},"content":{"rendered":"<p>Comunicat de l&#8217;Associaci\u00f3 de C\u00e0mpings de Girona respecte el foc de l&#8217;Alt Empord\u00e0 #<a href=\"http:\/\/search.twitter.com\/search?q=%23focemporda\" class=\"aktt_hashtag\" target=\"_blank\" rel=\"noopener\">focemporda<\/a> <a href=\"http:\/\/t.co\/U7mlxzLi\" rel=\"nofollow\">http:\/\/t.co\/U7mlxzLi<\/a> v\u00eda @<a href=\"http:\/\/twitter.com\/slideshare\" class=\"aktt_username\" target=\"_blank\" rel=\"noopener\">slideshare<\/a><\/p>\n","protected":false},"excerpt":{"rendered":"<p>Comunicat de l&#8217;Associaci\u00f3 de C\u00e0mpings de Girona respecte el foc de l&#8217;Alt Empord\u00e0 #focemporda http:\/\/t.co\/U7mlxzLi v\u00eda @slideshare<\/p>\n","protected":false},"author":1,"featured_media":0,"comment_status":"closed","ping_status":"open","sticky":false,"template":"","format":"standard","meta":{"_acf_changed":false,"footnotes":""},"categories":[],"tags":[],"class_list":["post-97135","post","type-post","status-publish","format-standard","hentry"],"acf":[],"_links":{"self":[{"href":"https:\/\/acg.campingsingirona.com\/ca\/wp-json\/wp\/v2\/posts\/97135","targetHints":{"allow":["GET"]}}],"collection":[{"href":"https:\/\/acg.campingsingirona.com\/ca\/wp-json\/wp\/v2\/posts"}],"about":[{"href":"https:\/\/acg.campingsingirona.com\/ca\/wp-json\/wp\/v2\/types\/post"}],"author":[{"embeddable":true,"href":"https:\/\/acg.campingsingirona.com\/ca\/wp-json\/wp\/v2\/users\/1"}],"replies":[{"embeddable":true,"href":"https:\/\/acg.campingsingirona.com\/ca\/wp-json\/wp\/v2\/comments?post=97135"}],"version-history":[{"count":1,"href":"https:\/\/acg.campingsingirona.com\/ca\/wp-json\/wp\/v2\/posts\/97135\/revisions"}],"predecessor-version":[{"id":103882,"href":"https:\/\/acg.campingsingirona.com\/ca\/wp-json\/wp\/v2\/posts\/97135\/revisions\/103882"}],"wp:attachment":[{"href":"https:\/\/acg.campingsingirona.com\/ca\/wp-json\/wp\/v2\/media?parent=97135"}],"wp:term":[{"taxonomy":"category","embeddable":true,"href":"https:\/\/acg.campingsingirona.com\/ca\/wp-json\/wp\/v2\/categories?post=97135"},{"taxonomy":"post_tag","embeddable":true,"href":"https:\/\/acg.campingsingirona.com\/ca\/wp-json\/wp\/v2\/tags?post=97135"}],"curies":[{"name":"wp","href":"https:\/\/api.w.org\/{rel}","templated":true}]}}