{"id":97133,"date":"2012-07-24T00:00:00","date_gmt":"2012-07-24T00:00:00","guid":{"rendered":"https:\/\/acg.campingsingirona.com\/en\/blog\/ultima-nota-de-prensa-respecto-el-fuego-en-alt-emporda\/"},"modified":"2023-10-18T08:59:05","modified_gmt":"2023-10-18T08:59:05","slug":"ultima-nota-de-prensa-respecto-el-fuego-en-alt-emporda","status":"publish","type":"post","link":"https:\/\/acg.campingsingirona.com\/ca\/ultima-nota-de-prensa-respecto-el-fuego-en-alt-emporda\/","title":{"rendered":"Ultima nota de prensa respecto el fuego en Alt Empord\u00e0"},"content":{"rendered":"<p><!--:es--><iframe loading=\"lazy\" src=\"http:\/\/www.slideshare.net\/slideshow\/embed_code\/13743681\" width=\"479\" height=\"511\" frameborder=\"0\" marginwidth=\"0\" marginheight=\"0\" scrolling=\"no\" style=\"border:1px solid #CCC;border-width:1px 1px 0;margin-bottom:5px\" allowfullscreen> <\/iframe> <\/p>\n<div style=\"margin-bottom:5px\"> <strong> <a href=\"http:\/\/www.slideshare.net\/campingsingirona\/comunicado-associaci-campings-de-girona-cast\" title=\"Comunicado associaci\u00f3 campings de girona cast.\" target=\"_blank\" rel=\"noopener\">Comunicado associaci\u00f3 campings de girona cast.<\/a> <\/strong> from <strong><a href=\"http:\/\/www.slideshare.net\/campingsingirona\" target=\"_blank\" rel=\"noopener\">Associaci\u00f3 de C\u00e0mpings de Girona<\/a><\/strong> <\/div>\n<p><!--:--><!--:ca--><iframe loading=\"lazy\" src=\"http:\/\/www.slideshare.net\/slideshow\/embed_code\/13743685\" width=\"479\" height=\"511\" frameborder=\"0\" marginwidth=\"0\" marginheight=\"0\" scrolling=\"no\" style=\"border:1px solid #CCC;border-width:1px 1px 0;margin-bottom:5px\" allowfullscreen> <\/iframe> <\/p>\n<div style=\"margin-bottom:5px\"> <strong> <a href=\"http:\/\/www.slideshare.net\/campingsingirona\/comunicat-associaci-cmpings-de-girona\" title=\"Comunicat associaci\u00f3 c\u00e0mpings de girona\" target=\"_blank\" rel=\"noopener\">Comunicat associaci\u00f3 c\u00e0mpings de girona<\/a> <\/strong> from <strong><a href=\"http:\/\/www.slideshare.net\/campingsingirona\" target=\"_blank\" rel=\"noopener\">Associaci\u00f3 de C\u00e0mpings de Girona<\/a><\/strong> <\/div>\n<p><!--:--><!--:en--><iframe loading=\"lazy\" src=\"http:\/\/www.slideshare.net\/slideshow\/embed_code\/13743686\" width=\"479\" height=\"511\" frameborder=\"0\" marginwidth=\"0\" marginheight=\"0\" scrolling=\"no\" style=\"border:1px solid #CCC;border-width:1px 1px 0;margin-bottom:5px\" allowfullscreen> <\/iframe> <\/p>\n<div style=\"margin-bottom:5px\"> <strong> <a href=\"http:\/\/www.slideshare.net\/campingsingirona\/comunicat-associaci-cmpings-de-girona-eng\" title=\"Comunicat associaci\u00f3 c\u00e0mpings de girona eng\" target=\"_blank\" rel=\"noopener\">Comunicat associaci\u00f3 c\u00e0mpings de girona eng<\/a> <\/strong> from <strong><a href=\"http:\/\/www.slideshare.net\/campingsingirona\" target=\"_blank\" rel=\"noopener\">Associaci\u00f3 de C\u00e0mpings de Girona<\/a><\/strong> <\/div>\n<p><!--:--><\/p>\n","protected":false},"excerpt":{"rendered":"<p>Comunicado associaci\u00f3 campings de girona cast. from Associaci\u00f3 de C\u00e0mpings de Girona Comunicat associaci\u00f3 c\u00e0mpings de girona from Associaci\u00f3 de C\u00e0mpings de Girona Comunicat associaci\u00f3 c\u00e0mpings de girona eng from Associaci\u00f3 de C\u00e0mpings de Girona<\/p>\n","protected":false},"author":1,"featured_media":0,"comment_status":"closed","ping_status":"open","sticky":false,"template":"","format":"standard","meta":{"_acf_changed":false,"footnotes":""},"categories":[],"tags":[],"class_list":["post-97133","post","type-post","status-publish","format-standard","hentry"],"acf":[],"_links":{"self":[{"href":"https:\/\/acg.campingsingirona.com\/ca\/wp-json\/wp\/v2\/posts\/97133","targetHints":{"allow":["GET"]}}],"collection":[{"href":"https:\/\/acg.campingsingirona.com\/ca\/wp-json\/wp\/v2\/posts"}],"about":[{"href":"https:\/\/acg.campingsingirona.com\/ca\/wp-json\/wp\/v2\/types\/post"}],"author":[{"embeddable":true,"href":"https:\/\/acg.campingsingirona.com\/ca\/wp-json\/wp\/v2\/users\/1"}],"replies":[{"embeddable":true,"href":"https:\/\/acg.campingsingirona.com\/ca\/wp-json\/wp\/v2\/comments?post=97133"}],"version-history":[{"count":1,"href":"https:\/\/acg.campingsingirona.com\/ca\/wp-json\/wp\/v2\/posts\/97133\/revisions"}],"predecessor-version":[{"id":103880,"href":"https:\/\/acg.campingsingirona.com\/ca\/wp-json\/wp\/v2\/posts\/97133\/revisions\/103880"}],"wp:attachment":[{"href":"https:\/\/acg.campingsingirona.com\/ca\/wp-json\/wp\/v2\/media?parent=97133"}],"wp:term":[{"taxonomy":"category","embeddable":true,"href":"https:\/\/acg.campingsingirona.com\/ca\/wp-json\/wp\/v2\/categories?post=97133"},{"taxonomy":"post_tag","embeddable":true,"href":"https:\/\/acg.campingsingirona.com\/ca\/wp-json\/wp\/v2\/tags?post=97133"}],"curies":[{"name":"wp","href":"https:\/\/api.w.org\/{rel}","templated":true}]}}