{"id":97115,"date":"2012-06-01T00:00:00","date_gmt":"2012-06-01T00:00:00","guid":{"rendered":"https:\/\/acg.campingsingirona.com\/en\/blog\/lassociacio-de-campings-de-sant-pere-pescador-porta-el-fricando-matiner-de-rac-105-al-camping-las-dunas-de-sant-pere-pescador\/"},"modified":"2023-10-18T08:58:44","modified_gmt":"2023-10-18T08:58:44","slug":"lassociacio-de-campings-de-sant-pere-pescador-porta-el-fricando-matiner-de-rac-105-al-camping-las-dunas-de-sant-pere-pescador","status":"publish","type":"post","link":"https:\/\/acg.campingsingirona.com\/ca\/lassociacio-de-campings-de-sant-pere-pescador-porta-el-fricando-matiner-de-rac-105-al-camping-las-dunas-de-sant-pere-pescador\/","title":{"rendered":"L\u2019Associaci\u00f3 de C\u00e0mpings de Sant Pere Pescador porta El Fricand\u00f3 Matiner de RAC 105  al c\u00e0mping Las Dunas de Sant Pere Pescador"},"content":{"rendered":"<p><!--:es--><br \/>\nDivendres 1 de juny. Els c\u00e0mpings de Girona es desperten a tota marxa amb l\u2019equip del  Fricand\u00f3 Matiner al c\u00e0mping Las Dunas de Sant Pere Pescador.<br \/>\nA les 7 hores ha comen\u00e7at el directe del programa amb molts elogis per part de tot l\u2019equip del Fricand\u00f3 per l\u2019atenci\u00f3 rebuda i per la qualitat de les instal\u2022lacions i serveis.<br \/>\nJosep M\u00aa Pla, president de l\u2019Associaci\u00f3 de C\u00e0mpings de Girona, i a Frederic Su\u00f1er, director del c\u00e0mping amfitri\u00f3, han comentat el nou concepte de c\u00e0mping on s\u2019ha ressaltat que \u00e9s una oferta tur\u00edstica de qualitat per a tota la fam\u00edlia.<br \/>\nA les 8 hores s\u2019esperen als m\u00e9s de 150 oients que ens acompanyaran en directe i que despr\u00e9s del programa tenen un previst un munt d\u2019activitats a la platja que acabar\u00e0 amb un dinar tots plegats.<br \/>\n<!--:--><!--:ca-->Divendres 1 de juny. Els c\u00e0mpings de Girona es desperten a tota marxa amb l\u2019equip del  Fricand\u00f3 Matiner al c\u00e0mping Las Dunas de Sant Pere Pescador.<br \/>\nA les 7 hores ha comen\u00e7at el directe del programa amb molts elogis per part de tot l\u2019equip del Fricand\u00f3 per l\u2019atenci\u00f3 rebuda i per la qualitat de les instal\u2022lacions i serveis.<br \/>\nJosep M\u00aa Pla, president de l\u2019Associaci\u00f3 de C\u00e0mpings de Girona, i a Frederic Su\u00f1er, director del c\u00e0mping amfitri\u00f3, han comentat el nou concepte de c\u00e0mping on s\u2019ha ressaltat que \u00e9s una oferta tur\u00edstica de qualitat per a tota la fam\u00edlia.<br \/>\nA les 8 hores s\u2019esperen als m\u00e9s de 150 oients que ens acompanyaran en directe i que despr\u00e9s del programa tenen un previst un munt d\u2019activitats a la platja que acabar\u00e0 amb un dinar tots plegats.<br \/>\n<!--:--><!--:en-->Divendres 1 de juny. Els c\u00e0mpings de Girona es desperten a tota marxa amb l\u2019equip del  Fricand\u00f3 Matiner al c\u00e0mping Las Dunas de Sant Pere Pescador.<br \/>\nA les 7 hores ha comen\u00e7at el directe del programa amb molts elogis per part de tot l\u2019equip del Fricand\u00f3 per l\u2019atenci\u00f3 rebuda i per la qualitat de les instal\u2022lacions i serveis.<br \/>\nJosep M\u00aa Pla, president de l\u2019Associaci\u00f3 de C\u00e0mpings de Girona, i a Frederic Su\u00f1er, director del c\u00e0mping amfitri\u00f3, han comentat el nou concepte de c\u00e0mping on s\u2019ha ressaltat que \u00e9s una oferta tur\u00edstica de qualitat per a tota la fam\u00edlia.<br \/>\nA les 8 hores s\u2019esperen als m\u00e9s de 150 oients que ens acompanyaran en directe i que despr\u00e9s del programa tenen un previst un munt d\u2019activitats a la platja que acabar\u00e0 amb un dinar tots plegats.<\/p>\n<p><!--:--><\/p>\n","protected":false},"excerpt":{"rendered":"<p>Divendres 1 de juny. Els c\u00e0mpings de Girona es desperten a tota marxa amb l\u2019equip del Fricand\u00f3 Matiner al c\u00e0mping Las Dunas de Sant Pere Pescador. A les 7 hores ha comen\u00e7at el directe del programa amb molts elogis per part de tot l\u2019equip del Fricand\u00f3 per l\u2019atenci\u00f3 rebuda i per la qualitat de les [&hellip;]<\/p>\n","protected":false},"author":1,"featured_media":0,"comment_status":"closed","ping_status":"open","sticky":false,"template":"","format":"standard","meta":{"_acf_changed":false,"footnotes":""},"categories":[],"tags":[],"class_list":["post-97115","post","type-post","status-publish","format-standard","hentry"],"acf":[],"_links":{"self":[{"href":"https:\/\/acg.campingsingirona.com\/ca\/wp-json\/wp\/v2\/posts\/97115","targetHints":{"allow":["GET"]}}],"collection":[{"href":"https:\/\/acg.campingsingirona.com\/ca\/wp-json\/wp\/v2\/posts"}],"about":[{"href":"https:\/\/acg.campingsingirona.com\/ca\/wp-json\/wp\/v2\/types\/post"}],"author":[{"embeddable":true,"href":"https:\/\/acg.campingsingirona.com\/ca\/wp-json\/wp\/v2\/users\/1"}],"replies":[{"embeddable":true,"href":"https:\/\/acg.campingsingirona.com\/ca\/wp-json\/wp\/v2\/comments?post=97115"}],"version-history":[{"count":1,"href":"https:\/\/acg.campingsingirona.com\/ca\/wp-json\/wp\/v2\/posts\/97115\/revisions"}],"predecessor-version":[{"id":103862,"href":"https:\/\/acg.campingsingirona.com\/ca\/wp-json\/wp\/v2\/posts\/97115\/revisions\/103862"}],"wp:attachment":[{"href":"https:\/\/acg.campingsingirona.com\/ca\/wp-json\/wp\/v2\/media?parent=97115"}],"wp:term":[{"taxonomy":"category","embeddable":true,"href":"https:\/\/acg.campingsingirona.com\/ca\/wp-json\/wp\/v2\/categories?post=97115"},{"taxonomy":"post_tag","embeddable":true,"href":"https:\/\/acg.campingsingirona.com\/ca\/wp-json\/wp\/v2\/tags?post=97115"}],"curies":[{"name":"wp","href":"https:\/\/api.w.org\/{rel}","templated":true}]}}