{"id":97061,"date":"2011-12-01T00:00:00","date_gmt":"2011-12-01T00:00:00","guid":{"rendered":"https:\/\/acg.campingsingirona.com\/en\/blog\/premio-campings-de-gerona-2012\/"},"modified":"2023-10-18T08:57:50","modified_gmt":"2023-10-18T08:57:50","slug":"premio-campings-de-gerona-2012","status":"publish","type":"post","link":"https:\/\/acg.campingsingirona.com\/ca\/premio-campings-de-gerona-2012\/","title":{"rendered":"Premio Campings de Gerona 2012"},"content":{"rendered":"<p><!--:es-->Se ha abierto la convocatoria por la 3e edici\u00f3n del Premio Campings de Girona,\u00a0dirigido\u00a0a alumnos de turismo, con la finalidad de estimularlos para recercar y descobrir el sector de camping.<\/p>\n<p>Aqu\u00ed tencontra\u00eds la convocatoria y las bases:<\/p>\n<div id=\"__ss_10414914\" style=\"width: 425px;\"><strong><a title=\"Presentaci\u00f3 Premi Campings de Girona 2012\" href=\"http:\/\/www.slideshare.net\/campingsingirona\/presentaci-premi-campings-de-girona-2012\" target=\"_blank\" rel=\"noopener\">Presentaci\u00f3 Premi Campings de Girona 2012<\/a><\/strong><\/p>\n<div style=\"padding: 5px 0 12px;\">View more <a href=\"http:\/\/www.slideshare.net\/\" target=\"_blank\" rel=\"noopener\">presentations<\/a> from <a href=\"http:\/\/www.slideshare.net\/campingsingirona\" target=\"_blank\" rel=\"noopener\">Associaci\u00f3 de C\u00e0mpings de Girona<\/a><\/div>\n<\/div>\n<div id=\"__ss_10414926\" style=\"width: 477px;\"><strong><a title=\"Bases Premi C\u00e0mpings de Girona\" href=\"http:\/\/www.slideshare.net\/campingsingirona\/bases-premi-cmpings-de-girona\" target=\"_blank\" rel=\"noopener\">Bases Premi C\u00e0mpings de Girona<\/a><\/strong><object id=\"__sse10414926\" classid=\"clsid:d27cdb6e-ae6d-11cf-96b8-444553540000\" width=\"477\" height=\"510\" codebase=\"http:\/\/download.macromedia.com\/pub\/shockwave\/cabs\/flash\/swflash.cab#version=6,0,40,0\"><param name=\"allowFullScreen\" value=\"true\" \/><param name=\"allowScriptAccess\" value=\"always\" \/><param name=\"wmode\" value=\"transparent\" \/><param name=\"src\" value=\"http:\/\/static.slidesharecdn.com\/swf\/doc_player.swf?doc=basespremicmpingsdegirona-111201063637-phpapp01&amp;stripped_title=bases-premi-cmpings-de-girona&amp;userName=campingsingirona\" \/><param name=\"name\" value=\"__sse10414926\" \/><param name=\"allowfullscreen\" value=\"true\" \/><embed id=\"__sse10414926\" type=\"application\/x-shockwave-flash\" width=\"477\" height=\"510\" src=\"http:\/\/static.slidesharecdn.com\/swf\/doc_player.swf?doc=basespremicmpingsdegirona-111201063637-phpapp01&amp;stripped_title=bases-premi-cmpings-de-girona&amp;userName=campingsingirona\" name=\"__sse10414926\" wmode=\"transparent\" allowscriptaccess=\"always\" allowfullscreen=\"true\"><\/embed><\/object><\/p>\n<div style=\"padding: 5px 0 12px;\">View more <a href=\"http:\/\/www.slideshare.net\/\" target=\"_blank\" rel=\"noopener\">documents<\/a> from <a href=\"http:\/\/www.slideshare.net\/campingsingirona\" target=\"_blank\" rel=\"noopener\">Associaci\u00f3 de C\u00e0mpings de Girona<\/a>.<\/div>\n<\/div>\n<p><!--:--><!--:ca-->S&#8217;ha obert la convocat\u00f2ria per la 3e edici\u00f3 del Premi C\u00e0mpings de Girona,\u00a0dirigit\u00a0a alumnes de turisme, amb la finalitat d&#8217;estimular-los per recercar i descobrir el sector de c\u00e0mping.<\/p>\n<p>Aqu\u00ed trobeu la convocat\u00f2ria i les bases:<\/p>\n<div id=\"__ss_10414914\" style=\"width: 425px;\"><strong><a title=\"Presentaci\u00f3 Premi Campings de Girona 2012\" href=\"http:\/\/www.slideshare.net\/campingsingirona\/presentaci-premi-campings-de-girona-2012\" target=\"_blank\" rel=\"noopener\">Presentaci\u00f3 Premi Campings de Girona 2012<\/a><\/strong><\/p>\n<div style=\"padding: 5px 0 12px;\">View more <a href=\"http:\/\/www.slideshare.net\/\" target=\"_blank\" rel=\"noopener\">presentations<\/a> from <a href=\"http:\/\/www.slideshare.net\/campingsingirona\" target=\"_blank\" rel=\"noopener\">Associaci\u00f3 de C\u00e0mpings de Girona<\/a><\/div>\n<\/div>\n<div id=\"__ss_10414926\" style=\"width: 477px;\"><strong><a title=\"Bases Premi C\u00e0mpings de Girona\" href=\"http:\/\/www.slideshare.net\/campingsingirona\/bases-premi-cmpings-de-girona\" target=\"_blank\" rel=\"noopener\">Bases Premi C\u00e0mpings de Girona<\/a><\/strong><object id=\"__sse10414926\" classid=\"clsid:d27cdb6e-ae6d-11cf-96b8-444553540000\" width=\"477\" height=\"510\" codebase=\"http:\/\/download.macromedia.com\/pub\/shockwave\/cabs\/flash\/swflash.cab#version=6,0,40,0\"><param name=\"allowFullScreen\" value=\"true\" \/><param name=\"allowScriptAccess\" value=\"always\" \/><param name=\"wmode\" value=\"transparent\" \/><param name=\"src\" value=\"http:\/\/static.slidesharecdn.com\/swf\/doc_player.swf?doc=basespremicmpingsdegirona-111201063637-phpapp01&amp;stripped_title=bases-premi-cmpings-de-girona&amp;userName=campingsingirona\" \/><param name=\"name\" value=\"__sse10414926\" \/><param name=\"allowfullscreen\" value=\"true\" \/><embed id=\"__sse10414926\" type=\"application\/x-shockwave-flash\" width=\"477\" height=\"510\" src=\"http:\/\/static.slidesharecdn.com\/swf\/doc_player.swf?doc=basespremicmpingsdegirona-111201063637-phpapp01&amp;stripped_title=bases-premi-cmpings-de-girona&amp;userName=campingsingirona\" name=\"__sse10414926\" wmode=\"transparent\" allowscriptaccess=\"always\" allowfullscreen=\"true\"><\/embed><\/object><\/p>\n<div style=\"padding: 5px 0 12px;\">View more <a href=\"http:\/\/www.slideshare.net\/\" target=\"_blank\" rel=\"noopener\">documents<\/a> from <a href=\"http:\/\/www.slideshare.net\/campingsingirona\" target=\"_blank\" rel=\"noopener\">Associaci\u00f3 de C\u00e0mpings de Girona<\/a>.<\/div>\n<\/div>\n<p><!--:--><\/p>\n","protected":false},"excerpt":{"rendered":"<p>Se ha abierto la convocatoria por la 3e edici\u00f3n del Premio Campings de Girona,\u00a0dirigido\u00a0a alumnos de turismo, con la finalidad de estimularlos para recercar y descobrir el sector de camping. Aqu\u00ed tencontra\u00eds la convocatoria y las bases: Presentaci\u00f3 Premi Campings de Girona 2012 View more presentations from Associaci\u00f3 de C\u00e0mpings de Girona Bases Premi C\u00e0mpings [&hellip;]<\/p>\n","protected":false},"author":1,"featured_media":0,"comment_status":"closed","ping_status":"open","sticky":false,"template":"","format":"standard","meta":{"_acf_changed":false,"footnotes":""},"categories":[],"tags":[],"class_list":["post-97061","post","type-post","status-publish","format-standard","hentry"],"acf":[],"_links":{"self":[{"href":"https:\/\/acg.campingsingirona.com\/ca\/wp-json\/wp\/v2\/posts\/97061","targetHints":{"allow":["GET"]}}],"collection":[{"href":"https:\/\/acg.campingsingirona.com\/ca\/wp-json\/wp\/v2\/posts"}],"about":[{"href":"https:\/\/acg.campingsingirona.com\/ca\/wp-json\/wp\/v2\/types\/post"}],"author":[{"embeddable":true,"href":"https:\/\/acg.campingsingirona.com\/ca\/wp-json\/wp\/v2\/users\/1"}],"replies":[{"embeddable":true,"href":"https:\/\/acg.campingsingirona.com\/ca\/wp-json\/wp\/v2\/comments?post=97061"}],"version-history":[{"count":1,"href":"https:\/\/acg.campingsingirona.com\/ca\/wp-json\/wp\/v2\/posts\/97061\/revisions"}],"predecessor-version":[{"id":103808,"href":"https:\/\/acg.campingsingirona.com\/ca\/wp-json\/wp\/v2\/posts\/97061\/revisions\/103808"}],"wp:attachment":[{"href":"https:\/\/acg.campingsingirona.com\/ca\/wp-json\/wp\/v2\/media?parent=97061"}],"wp:term":[{"taxonomy":"category","embeddable":true,"href":"https:\/\/acg.campingsingirona.com\/ca\/wp-json\/wp\/v2\/categories?post=97061"},{"taxonomy":"post_tag","embeddable":true,"href":"https:\/\/acg.campingsingirona.com\/ca\/wp-json\/wp\/v2\/tags?post=97061"}],"curies":[{"name":"wp","href":"https:\/\/api.w.org\/{rel}","templated":true}]}}