{"id":97010,"date":"2011-06-06T00:00:00","date_gmt":"2011-06-06T00:00:00","guid":{"rendered":"https:\/\/acg.campingsingirona.com\/en\/blog\/surf-alegre-2011-un-gran-evento-exitoso-en-el-camping-la-ballena-alegre\/"},"modified":"2023-10-18T08:56:59","modified_gmt":"2023-10-18T08:56:59","slug":"surf-alegre-2011-un-gran-evento-exitoso-en-el-camping-la-ballena-alegre","status":"publish","type":"post","link":"https:\/\/acg.campingsingirona.com\/ca\/surf-alegre-2011-un-gran-evento-exitoso-en-el-camping-la-ballena-alegre\/","title":{"rendered":"Surf Alegre 2011, un gran evento exitoso en el Camping la Ballena Alegre"},"content":{"rendered":"<p><!--:es--><\/p>\n<div style=\"text-align: justify;\" dir=\"ltr\">Este\u00a0fin\u00a0de\u00a0semana,\u00a0en el Camping\u00a0la\u00a0Ballena\u00a0Alegre\u00a0de Sant\u00a0Pere Pescador, \u00a0ha tenido \u00a0lugar\u00a0Surf\u00a0Alegre\u00a02011.<\/div>\n<div style=\"text-align: justify;\" dir=\"ltr\"><\/div>\n<div style=\"text-align: justify;\" dir=\"ltr\">Un\u00a0evento\u00a0que\u00a0engloba\u00a0la 14\u00a0\u00aa\u00a0prueba\u00a0Costa\u00a0Brava\u00a0-Catalu\u00f1a\u00a0del\u00a0World\u00a0Tour Windsurf y\u00a0la 8\u00a0\u00aa\u00a0Concentraci\u00f3n \u00a0de\u00a0Furgo Volkswagen.\u00a0El\u00a0evento\u00a0ha\u00a0sido,\u00a0a pesar del\u00a0mal\u00a0tiempo,\u00a0todo un\u00a0\u00e9xito. \u00a0Las\u00a0pruebas\u00a0deportivas\u00a0han podido\u00a0ser \u00a0realizadas, \u00a0d\u00eda\u00a0tras\u00a0d\u00eda,\u00a0y la\u00a0concentraci\u00f3n\u00a0de\u00a0furgonetas\u00a0Volkswagen\u00a0ha tenido\u00a0unos\u00a0550\u00a0asistentes. \u00a0La gran \u00a0cantidad \u00a0de \u00a0actividades\u00a0para hacer,\u00a0como actividades\u00a0infantiles,\u00a0actividades\u00a0de promoci\u00f3n\u00a0de los\u00a0patrocinadores, \u00a0foto de familia\u00a0de\u00a0furgonetas,\u00a0barbacoa en la\u00a0playa\u00a0con\u00a0m\u00fasica\u00a0en\u00a0directo, \u00a0etc. \u00a0han\u00a0hecho que\u00a0no \u00a0hab\u00eda\u00a0tiempo \u00a0ni\u00a0razones \u00a0para \u00a0aburrirse.<\/div>\n<div style=\"text-align: justify;\" dir=\"ltr\"><\/div>\n<div style=\"text-align: justify;\" dir=\"ltr\">Todo apunta\u00a0a\u00a0que ya es\u00a0un\u00a0evento\u00a0pionero\u00a0y\u00a0referente\u00a0en\u00a0el mundo\u00a0del\u00a0camping\u00a0y deportes\u00a0acu\u00e1ticas. \u00a0Sin\u00a0falta\u00a0repetiremos\u00a0el\u00a0a\u00f1o\u00a0que viene!<\/div>\n<div style=\"text-align: justify;\" dir=\"ltr\">\ufeff\ufeff<\/div>\n<div style=\"text-align: justify;\" dir=\"ltr\"><\/div>\n<p><!--:--><!--:ca--><\/p>\n<p style=\"text-align: justify;\">Aquest cap de setmana, al C\u00e0mping la Ballena Alegre de Sant Pere Pescador, ha tingut lloc Surf Alegre 2011.<\/p>\n<p style=\"text-align: justify;\">Un esdeveniment que engloba la 14\u00aa prova Costa Brava \u2013 Catalunya del World Tour WindSurf i la 8\u00aa Concentraci\u00f3 de FurgoVolkswagen.<\/p>\n<p style=\"text-align: justify;\">L\u2019esdeveniment ha estat, malgrat el mal temps, tot un \u00e8xit. Les proves esportives han pogut ser realitzades, dia darrera dia, i la concentraci\u00f3 de furgonetes Volkswagen ha tingut uns 550 assistents. La gran quantitat d\u2019activitats per fer, com activitats infantils, activitats de promoci\u00f3 dels patrocinadors, foto de fam\u00edlia de furgonetes, barbacoa a la platja amb musica en directe,etc. han fet que no havia temps ni raons per avorrir-se.<\/p>\n<p style=\"text-align: justify;\">Tot apunta a que ja \u00e9s un esdeveniment pioner i referent en el m\u00f3n del c\u00e0mping i esports aqu\u00e0tiques. Sense falta repetirem l\u2019any que ve!<\/p>\n<p><!--:--><!--:en--><\/p>\n<div style=\"text-align: justify;\" dir=\"ltr\">This\u00a0weekend\u00a0at\u00a0the\u00a0Camping La\u00a0Ballena\u00a0Alegre de\u00a0Sant\u00a0Pere\u00a0Pescador,\u00a0has\u00a0taken place\u00a0Surf\u00a0Alegre\u00a02011.<\/div>\n<div style=\"text-align: justify;\" dir=\"ltr\"><\/div>\n<div style=\"text-align: justify;\" dir=\"ltr\">An\u00a0event \u00a0that\u00a0includes\u00a0the 14\u00a0th\u00a0test\u00a0Costa\u00a0Brava\u00a0&#8211;\u00a0Catalonia Windsurfing\u00a0World Tour\u00a0and\u00a0the 8th\u00a0FurgoVolkswagen\u00a0meeting.\u00a0The event\u00a0has been, \u00a0despite\u00a0the\u00a0bad weather,\u00a0a success. \u00a0Sports events\u00a0have\u00a0been realised as planed\u200b\u200b,\u00a0day\u00a0after day,\u00a0and the Volkswagen\u00a0vans Meeting \u00a0had\u00a0about 550 attendees.\u00a0The large number\u00a0of\u00a0activities\u00a0to do, like\u00a0children&#8217;s activities, \u00a0activities promoted by the\u00a0sponsors of the event, family photo \u00a0of the VWvans,\u00a0BBQ on\u00a0the\u00a0beach\u00a0with\u00a0live\u00a0music, etc. gave us no time\u00a0or\u00a0reason\u00a0to\u00a0be bored.<\/div>\n<div style=\"text-align: justify;\" dir=\"ltr\">\nAll indications are that\u00a0it is\u00a0a\u00a0pioneering event\u00a0and\u00a0landmark in the world\u00a0of\u00a0camping and water sports. We&#8217;ll definitly repeat it\u00a0next year!<\/div>\n<p><!--:--><\/p>\n","protected":false},"excerpt":{"rendered":"<p>Este\u00a0fin\u00a0de\u00a0semana,\u00a0en el Camping\u00a0la\u00a0Ballena\u00a0Alegre\u00a0de Sant\u00a0Pere Pescador, \u00a0ha tenido \u00a0lugar\u00a0Surf\u00a0Alegre\u00a02011. Un\u00a0evento\u00a0que\u00a0engloba\u00a0la 14\u00a0\u00aa\u00a0prueba\u00a0Costa\u00a0Brava\u00a0-Catalu\u00f1a\u00a0del\u00a0World\u00a0Tour Windsurf y\u00a0la 8\u00a0\u00aa\u00a0Concentraci\u00f3n \u00a0de\u00a0Furgo Volkswagen.\u00a0El\u00a0evento\u00a0ha\u00a0sido,\u00a0a pesar del\u00a0mal\u00a0tiempo,\u00a0todo un\u00a0\u00e9xito. \u00a0Las\u00a0pruebas\u00a0deportivas\u00a0han podido\u00a0ser \u00a0realizadas, \u00a0d\u00eda\u00a0tras\u00a0d\u00eda,\u00a0y la\u00a0concentraci\u00f3n\u00a0de\u00a0furgonetas\u00a0Volkswagen\u00a0ha tenido\u00a0unos\u00a0550\u00a0asistentes. \u00a0La gran \u00a0cantidad \u00a0de \u00a0actividades\u00a0para hacer,\u00a0como actividades\u00a0infantiles,\u00a0actividades\u00a0de promoci\u00f3n\u00a0de los\u00a0patrocinadores, \u00a0foto de familia\u00a0de\u00a0furgonetas,\u00a0barbacoa en la\u00a0playa\u00a0con\u00a0m\u00fasica\u00a0en\u00a0directo, \u00a0etc. \u00a0han\u00a0hecho que\u00a0no \u00a0hab\u00eda\u00a0tiempo \u00a0ni\u00a0razones \u00a0para \u00a0aburrirse. Todo apunta\u00a0a\u00a0que ya es\u00a0un\u00a0evento\u00a0pionero\u00a0y\u00a0referente\u00a0en\u00a0el mundo\u00a0del\u00a0camping\u00a0y deportes\u00a0acu\u00e1ticas. \u00a0Sin\u00a0falta\u00a0repetiremos\u00a0el\u00a0a\u00f1o\u00a0que viene! \ufeff\ufeff Aquest [&hellip;]<\/p>\n","protected":false},"author":1,"featured_media":0,"comment_status":"closed","ping_status":"open","sticky":false,"template":"","format":"standard","meta":{"_acf_changed":false,"footnotes":""},"categories":[],"tags":[],"class_list":["post-97010","post","type-post","status-publish","format-standard","hentry"],"acf":[],"_links":{"self":[{"href":"https:\/\/acg.campingsingirona.com\/ca\/wp-json\/wp\/v2\/posts\/97010","targetHints":{"allow":["GET"]}}],"collection":[{"href":"https:\/\/acg.campingsingirona.com\/ca\/wp-json\/wp\/v2\/posts"}],"about":[{"href":"https:\/\/acg.campingsingirona.com\/ca\/wp-json\/wp\/v2\/types\/post"}],"author":[{"embeddable":true,"href":"https:\/\/acg.campingsingirona.com\/ca\/wp-json\/wp\/v2\/users\/1"}],"replies":[{"embeddable":true,"href":"https:\/\/acg.campingsingirona.com\/ca\/wp-json\/wp\/v2\/comments?post=97010"}],"version-history":[{"count":1,"href":"https:\/\/acg.campingsingirona.com\/ca\/wp-json\/wp\/v2\/posts\/97010\/revisions"}],"predecessor-version":[{"id":103757,"href":"https:\/\/acg.campingsingirona.com\/ca\/wp-json\/wp\/v2\/posts\/97010\/revisions\/103757"}],"wp:attachment":[{"href":"https:\/\/acg.campingsingirona.com\/ca\/wp-json\/wp\/v2\/media?parent=97010"}],"wp:term":[{"taxonomy":"category","embeddable":true,"href":"https:\/\/acg.campingsingirona.com\/ca\/wp-json\/wp\/v2\/categories?post=97010"},{"taxonomy":"post_tag","embeddable":true,"href":"https:\/\/acg.campingsingirona.com\/ca\/wp-json\/wp\/v2\/tags?post=97010"}],"curies":[{"name":"wp","href":"https:\/\/api.w.org\/{rel}","templated":true}]}}