{"id":96994,"date":"2010-12-15T00:00:00","date_gmt":"2010-12-15T00:00:00","guid":{"rendered":"https:\/\/acg.campingsingirona.com\/en\/blog\/primera-opinion-del-presidente-sobre-el-nuevo-decreto-de-alojamientos-turisticos\/"},"modified":"2023-10-18T08:56:46","modified_gmt":"2023-10-18T08:56:46","slug":"primera-opinion-del-presidente-sobre-el-nuevo-decreto-de-alojamientos-turisticos","status":"publish","type":"post","link":"https:\/\/acg.campingsingirona.com\/ca\/primera-opinion-del-presidente-sobre-el-nuevo-decreto-de-alojamientos-turisticos\/","title":{"rendered":"Primera opini\u00f3n del Presidente sobre el nuevo decreto de alojamientos turisticos"},"content":{"rendered":"<p><!--:es-->La Asociaci\u00f3n de Campings de Girona ha criticado que el nuevo decreto de alojamientos tur\u00edsticos d\u00e9 capacidad de gesti\u00f3n a los ayuntamientos para decidir cu\u00e1ntas nuevas plazas de bungalows pueden implantar en cada municipio, ya que depender\u00e1 de la ordenaci\u00f3n urban\u00edstica de cada localidad.<\/p>\n<p>El presidente de la asociaci\u00f3n, Josep Maria Pla, ha asegurado que est\u00e1n preocupados porqu\u00e9 se &#8220;da demasiada capacidad de gesti\u00f3n a los consistorios&#8221; y esto puede provocar diferencias entre los campings, ya que hay algunos ayuntamientos que en su Plan de Ordenaci\u00f3n Urban\u00edstica Municipal (POUM) proh\u00edben la instalaci\u00f3n de bungalows.<\/p>\n<p>&#8220;Antes gestionabas todos los temas directamente con turismo y ahora tendremos que pasar por cada ayuntamiento&#8221;, ha lamentado Pla. Adem\u00e1s, seg\u00fan su opini\u00f3n, hay consistorios que no est\u00e1n suficientemente preparados y a los que todo este tema les vendr\u00e1 de nuevo, &#8220;sobre todo a los m\u00e1s peque\u00f1os, de monta\u00f1a e interior&#8221;.<\/p>\n<p>Tambi\u00e9n han criticado que el nuevo decreto no regula la figura de los clientes residenciales y que esto &#8220;no atiende a una realidad existente en el mundo de los campings&#8221;. Esto tambi\u00e9n puede provocarles problemas de competitividad ya que muchos pa\u00edses europeos s\u00ed lo contemplan.<\/p>\n<p><strong>5.000 NUEVOS BUNGALOWS<\/strong><\/p>\n<p>La asociaci\u00f3n, en cambio, ha valorado positivamente el incremento del 30 al 40% para la instalaci\u00f3n de bungalows y un 10% adicional de semim\u00f3viles o m\u00f3vil-homes, aunque han insistido en que esto depender\u00e1 de los ayuntamientos, de si quieran dar o no las plazas.<\/p>\n<p>El gerente de la asociaci\u00f3n, Ferran Sellabona, ha apuntado que si todos los campings compraran las plazas de m\u00e1s, en Girona habr\u00eda 5.000 bungalows &#8211;para un m\u00e1ximo de seis personas&#8211; m\u00e1s los 5.740 actuales.<\/p>\n<p>Actualmente, en la provincia de Girona hay 140 campings, 80 de los cuales integrados en la asociaci\u00f3n. Estos 80, de todos modos, suponen el 90% de las plazas que hay en total en la demarcaci\u00f3n (99.500).<\/p>\n<p>De todos modos, desde la asociaci\u00f3n, no se ha querido hacer una valoraci\u00f3n definitiva del decreto y han apuntado que esta es &#8220;la primera impresi\u00f3n&#8221;.<!--:--><!--:ca--><\/p>\n<p><object id=\"videoplayer\" classid=\"clsid:d27cdb6e-ae6d-11cf-96b8-444553540000\" width=\"608\" height=\"366\" codebase=\"http:\/\/download.macromedia.com\/pub\/shockwave\/cabs\/flash\/swflash.cab#version=6,0,40,0\"><param name=\"align\" value=\"middle\" \/><param name=\"allowScriptAccess\" value=\"always\" \/><param name=\"allowFullScreen\" value=\"true\" \/><param name=\"flashvars\" value=\"url=http:\/\/lamalla.cat\/media\/000000000002772\/000000001385942.m4v&amp;embed=1&amp;urlfoto=http:\/\/lamalla.cat\/media\/000000000002772\/000000001385942.jpg&amp;rutaxml=ajax\/videogaleria.php?action=xml&amp;idembed=000000000002772\/000000001385942.m4v\" \/><param name=\"bgcolor\" value=\"#000000\" \/><param name=\"src\" value=\"http:\/\/lamalla.cat\/movies\/player.swf\" \/><param name=\"name\" value=\"videoplayer\" \/><param name=\"allowfullscreen\" value=\"true\" \/><embed id=\"videoplayer\" type=\"application\/x-shockwave-flash\" width=\"608\" height=\"366\" src=\"http:\/\/lamalla.cat\/movies\/player.swf\" name=\"videoplayer\" bgcolor=\"#000000\" flashvars=\"url=http:\/\/lamalla.cat\/media\/000000000002772\/000000001385942.m4v&amp;embed=1&amp;urlfoto=http:\/\/lamalla.cat\/media\/000000000002772\/000000001385942.jpg&amp;rutaxml=ajax\/videogaleria.php?action=xml&amp;idembed=000000000002772\/000000001385942.m4v\" allowfullscreen=\"true\" allowscriptaccess=\"always\" align=\"middle\"><\/embed><\/object><\/p>\n<p>L&#8217;Associaci\u00f3 de C\u00e0mpings de les comarques gironines tem que el nou decret d&#8217;allotjaments tur\u00edstics doni ales als ajuntaments, sobretot aquells on no hi ha tradici\u00f3 tur\u00edstica, per frenar ampliacions o impedir l&#8217;obertura de nous c\u00e0mpings. El sector veu amb bons ulls que el decret incrementi el percentatge de bungalous que es poden instal\u00b7lar als c\u00e0mpings (passant d&#8217;un 30 a un 40%), per\u00f2 lamenta que el criteri municipal sigui el que hagi de regir en primera inst\u00e0ncia. &#8216;Ens preocupa que hi hagi ajuntaments que s&#8217;hi oposin&#8217;, ha lamentat el president de l&#8217;associaci\u00f3, Josep Maria Pla. En total, la normativa preveu que es pugui doblar el n\u00famero de bungalous que hi ha actualment arreu de la demarcaci\u00f3.<\/p>\n<p>El nou decret, aprovat in extremis pel Govern abans de les eleccions, en substitueix un d&#8217;anterior de l&#8217;any 1986. Entre les novetats, hi ha el fet que es permet incrementar el percentatge de bungalous que es poden instal\u00b7lar als c\u00e0mpings -passant d&#8217;un 30 a un 40%-, amb un 10% addicional de &#8216;mobile homes&#8217; (cabanes que es poden moure amb l&#8217;ajuda d&#8217;un vehicle).<\/p>\n<p>L&#8217;Associaci\u00f3 de C\u00e0mpings veu amb bons ulls aquesta mesura, perqu\u00e8 segons ressalta el seu president, &#8216;feia 24 anys que calia canviar la normativa i adaptar-la a les necessitats actuals&#8217;. Actualment, a les comarques gironines hi ha 5.740 bungalous repartits en els diferents c\u00e0mpings i la nova normativa preveu que aquest n\u00famero es pugui arribar a doblar (ja que permetria instal\u00b7lar-ne 5.000 m\u00e9s).<\/p>\n<p>El veritable cavall de batalla, per\u00f2, es troba en el fet que el decret d\u00f3na potestat als ajuntaments a l&#8217;hora de decidir. I, precisament, aix\u00f2 \u00e9s el que preocupa l&#8217;associaci\u00f3. &#8216;Es d\u00f3na molta capacitat de gesti\u00f3 als ajuntaments, i el nou decret especifica que el criteri urban\u00edstic municipal ser\u00e0 el que prevaldr\u00e0 abans que res&#8217;, ha recordat Josep Maria Pla.<\/p>\n<p>El sector tem que els ajuntaments frenin ampliacions o obertures de c\u00e0mpings amb el nou decret<\/p>\n<p>Per aix\u00f2, l&#8217;associaci\u00f3 tem que, emparant-se en la normativa, els ajuntaments puguin frenar ampliacions o obertures de nous c\u00e0mpings. Sobretot, en zones i territoris on no hi ha tradici\u00f3 tur\u00edstica. Per exemplificar-ho, el president ha explicat que, al llarg dels darrers cinc anys, hi ha municipis que han aprovat plans generals &#8216;on fins i tot es recollia la possibilitat d&#8217;impedir que s&#8217;instal\u00b7l\u00e9s cap bungalou al seu terme&#8217;.<\/p>\n<p>&#8216;L&#8217;anterior decret obligava a comunicar-ho tot al Departament de Turisme, per\u00f2 ara hi ha molts tr\u00e0mits que han de passar per l&#8217;ajuntament abans que res&#8217;, ha criticat el president de l&#8217;Associaci\u00f3. De moment, els responsables dels c\u00e0mpings gironins han portat el redactat de la normativa als seus serveis jur\u00eddics perqu\u00e8 l&#8217;estudi\u00efn a fons, i preveuen demanar una reuni\u00f3 amb els responsables del nou Govern per debatre&#8217;n els punts foscos.<\/p>\n<p><strong> <\/strong><\/p>\n<p><strong> <\/strong><\/p>\n<p><strong>C\u00e0mpings residencials<\/strong><\/p>\n<p>Els empresaris del sector tamb\u00e9 han criticat que el nou decret no preveu la figura dels anomenats &#8216;c\u00e0mpings residencials&#8217;; \u00e9s a dir, aquells en qu\u00e8 els clients hi solen viure i que es caracteritzen per tenir un elevat percentatge de bungalous. &#8216;A difer\u00e8ncia de Fran\u00e7a i It\u00e0lia, on aquests c\u00e0mpings existeixen, aqu\u00ed no se&#8217;n parla; i aix\u00f2 ens pot comportar problemes de compet\u00e8ncia&#8217;, ha indicat Josep Maria Pla.<\/p>\n<p>De tots els c\u00e0mpings donats d&#8217;alta que hi ha a les comarques gironines, l&#8217;Associaci\u00f3 en t\u00e9 una vuitantena d&#8217;associats. En total, aquests concentren 99.500 places (un 80% de totes les que hi ha disponibles a la demarcaci\u00f3).<\/p>\n<p><!--:--><\/p>\n","protected":false},"excerpt":{"rendered":"<p>La Asociaci\u00f3n de Campings de Girona ha criticado que el nuevo decreto de alojamientos tur\u00edsticos d\u00e9 capacidad de gesti\u00f3n a los ayuntamientos para decidir cu\u00e1ntas nuevas plazas de bungalows pueden implantar en cada municipio, ya que depender\u00e1 de la ordenaci\u00f3n urban\u00edstica de cada localidad. El presidente de la asociaci\u00f3n, Josep Maria Pla, ha asegurado que [&hellip;]<\/p>\n","protected":false},"author":1,"featured_media":0,"comment_status":"closed","ping_status":"open","sticky":false,"template":"","format":"standard","meta":{"_acf_changed":false,"footnotes":""},"categories":[],"tags":[],"class_list":["post-96994","post","type-post","status-publish","format-standard","hentry"],"acf":[],"_links":{"self":[{"href":"https:\/\/acg.campingsingirona.com\/ca\/wp-json\/wp\/v2\/posts\/96994","targetHints":{"allow":["GET"]}}],"collection":[{"href":"https:\/\/acg.campingsingirona.com\/ca\/wp-json\/wp\/v2\/posts"}],"about":[{"href":"https:\/\/acg.campingsingirona.com\/ca\/wp-json\/wp\/v2\/types\/post"}],"author":[{"embeddable":true,"href":"https:\/\/acg.campingsingirona.com\/ca\/wp-json\/wp\/v2\/users\/1"}],"replies":[{"embeddable":true,"href":"https:\/\/acg.campingsingirona.com\/ca\/wp-json\/wp\/v2\/comments?post=96994"}],"version-history":[{"count":1,"href":"https:\/\/acg.campingsingirona.com\/ca\/wp-json\/wp\/v2\/posts\/96994\/revisions"}],"predecessor-version":[{"id":103741,"href":"https:\/\/acg.campingsingirona.com\/ca\/wp-json\/wp\/v2\/posts\/96994\/revisions\/103741"}],"wp:attachment":[{"href":"https:\/\/acg.campingsingirona.com\/ca\/wp-json\/wp\/v2\/media?parent=96994"}],"wp:term":[{"taxonomy":"category","embeddable":true,"href":"https:\/\/acg.campingsingirona.com\/ca\/wp-json\/wp\/v2\/categories?post=96994"},{"taxonomy":"post_tag","embeddable":true,"href":"https:\/\/acg.campingsingirona.com\/ca\/wp-json\/wp\/v2\/tags?post=96994"}],"curies":[{"name":"wp","href":"https:\/\/api.w.org\/{rel}","templated":true}]}}