{"id":96988,"date":"2010-11-02T00:00:00","date_gmt":"2010-11-02T00:00:00","guid":{"rendered":"https:\/\/acg.campingsingirona.com\/en\/blog\/els-campings-de-blanes-titllen-latermenament-de-costes-darbitrari-i-poc-rigoros\/"},"modified":"2023-10-18T08:56:40","modified_gmt":"2023-10-18T08:56:40","slug":"els-campings-de-blanes-titllen-latermenament-de-costes-darbitrari-i-poc-rigoros","status":"publish","type":"post","link":"https:\/\/acg.campingsingirona.com\/ca\/els-campings-de-blanes-titllen-latermenament-de-costes-darbitrari-i-poc-rigoros\/","title":{"rendered":"Els c\u00e0mpings de Blanes titllen l\u00b4atermenament de Costes d&#8217;arbitrari i poc rigor\u00f3s"},"content":{"rendered":"<h2>Els representants de les quatre instal\u00b7lacions afectades presenten al\u00b7legacions i agraeixen p\u00fablicament el suport de l&#8217;Ajuntament.<\/h2>\n<p>Els representants dels quatre c\u00e0mpings de Blanes afectats per l&#8217;atermenament de Costes afirmen que el projecte t\u00e9 una manca de &#8220;rigor cient\u00edfic&#8221; i que es basa en l'&#8221;arbitrarietat absoluta&#8221; de l&#8217;Estat. Aquests qualificatius els fan constar en les al\u00b7legacions que han presentat contra la fitaci\u00f3 que es va dur a terme sobre el terreny el passat 14 d&#8217;octubre. En aquell moment, el Ministeri de Medi Ambient va obrir un termini de 15 dies per presentar les al\u00b7legacions, que ara ja ha finalitzat.<br \/>\n<!--more--><\/p>\n","protected":false},"excerpt":{"rendered":"<p>Els representants de les quatre instal\u00b7lacions afectades presenten al\u00b7legacions i agraeixen p\u00fablicament el suport de l&#8217;Ajuntament. Els representants dels quatre c\u00e0mpings de Blanes afectats per l&#8217;atermenament de Costes afirmen que el projecte t\u00e9 una manca de &#8220;rigor cient\u00edfic&#8221; i que es basa en l&#8217;&#8221;arbitrarietat absoluta&#8221; de l&#8217;Estat. Aquests qualificatius els fan constar en les al\u00b7legacions [&hellip;]<\/p>\n","protected":false},"author":1,"featured_media":0,"comment_status":"closed","ping_status":"open","sticky":false,"template":"","format":"standard","meta":{"_acf_changed":false,"footnotes":""},"categories":[],"tags":[],"class_list":["post-96988","post","type-post","status-publish","format-standard","hentry"],"acf":[],"_links":{"self":[{"href":"https:\/\/acg.campingsingirona.com\/ca\/wp-json\/wp\/v2\/posts\/96988","targetHints":{"allow":["GET"]}}],"collection":[{"href":"https:\/\/acg.campingsingirona.com\/ca\/wp-json\/wp\/v2\/posts"}],"about":[{"href":"https:\/\/acg.campingsingirona.com\/ca\/wp-json\/wp\/v2\/types\/post"}],"author":[{"embeddable":true,"href":"https:\/\/acg.campingsingirona.com\/ca\/wp-json\/wp\/v2\/users\/1"}],"replies":[{"embeddable":true,"href":"https:\/\/acg.campingsingirona.com\/ca\/wp-json\/wp\/v2\/comments?post=96988"}],"version-history":[{"count":1,"href":"https:\/\/acg.campingsingirona.com\/ca\/wp-json\/wp\/v2\/posts\/96988\/revisions"}],"predecessor-version":[{"id":103736,"href":"https:\/\/acg.campingsingirona.com\/ca\/wp-json\/wp\/v2\/posts\/96988\/revisions\/103736"}],"wp:attachment":[{"href":"https:\/\/acg.campingsingirona.com\/ca\/wp-json\/wp\/v2\/media?parent=96988"}],"wp:term":[{"taxonomy":"category","embeddable":true,"href":"https:\/\/acg.campingsingirona.com\/ca\/wp-json\/wp\/v2\/categories?post=96988"},{"taxonomy":"post_tag","embeddable":true,"href":"https:\/\/acg.campingsingirona.com\/ca\/wp-json\/wp\/v2\/tags?post=96988"}],"curies":[{"name":"wp","href":"https:\/\/api.w.org\/{rel}","templated":true}]}}