{"id":96987,"date":"2010-11-02T00:00:00","date_gmt":"2010-11-02T00:00:00","guid":{"rendered":"https:\/\/acg.campingsingirona.com\/en\/blog\/presentacio-oficial-de-laquesta-pagina-web\/"},"modified":"2023-10-18T08:56:39","modified_gmt":"2023-10-18T08:56:39","slug":"presentacio-oficial-de-laquesta-pagina-web","status":"publish","type":"post","link":"https:\/\/acg.campingsingirona.com\/ca\/presentacio-oficial-de-laquesta-pagina-web\/","title":{"rendered":"Presentaci\u00f3 oficial d&#8217;aquesta p\u00e0gina Web"},"content":{"rendered":"<p>Ja hem estrenat de manera oficial la nostra \u00a0nova p\u00e0gina web en que esteu navegant. Despr\u00e8s de la roda de premsa del dia 22 d&#8217;octubre varem gravar una petita inserci\u00f3 a TV3 TN Comarques. A partir d\u2019aqu\u00ed us donarem tota la informaci\u00f3 del m\u00f3n dels c\u00e0mpings gironins a trav\u00e9s d&#8217;aquesta nova eina on podreu opinar i comentar gr\u00e0cies a la nostra pres\u00e8ncia en les xarxes socials com Facebook, Twitter, Tuenti, YouTube i Flickr. Esperem que podem establir un di\u00e0leg fluid per poder ajudar-vos de la manera m\u00e9s r\u00e0pida i coherent.<\/p>\n<p>Video TV3 TN Comarques 28 d&#8217;octubre : \u00a0<a href=\"http:\/\/www.tv3.cat\/videos\/3179430\" target=\"_blank\" rel=\"noopener\">http:\/\/www.tv3.cat\/videos\/3179430<\/a><\/p>\n<p>Varis articles respecte el llen\u00e7ament de la nova web:<\/p>\n<p><a href=\"http:\/\/www.parlemdeconsum.cat\/2010\/10\/reserves-on-line-dels-campings-de-girona\/\" target=\"_blank\" rel=\"noopener\">http:\/\/www.parlemdeconsum.cat\/2010\/10\/reserves-on-line-dels-campings-de-girona\/<\/a><\/p>\n<p><a href=\"http:\/\/www.diaridegirona.cat\/comarques\/2010\/10\/23\/reserves-campings-gironins-traves-dinternet\/440620.html\" target=\"_blank\" rel=\"noopener\">http:\/\/www.diaridegirona.cat\/comarques\/2010\/10\/23\/reserves-campings-gironins-traves-dinternet\/440620.html<\/a><\/p>\n<p><a href=\"http:\/\/www.naciodigital.com\/gironainfo\/noticia\/14779\" target=\"_blank\" rel=\"noopener\">http:\/\/www.naciodigital.com\/gironainfo\/noticia\/14779<\/a><\/p>\n<p><a href=\"http:\/\/www.elpunt.cat\/noticia\/article\/4-economia\/18-economia\/320377-lassociacio-de-campings-ja-te-central-de-reserves-i-entra-a-les-xarxes-socials.html?piwik_campaign=rss&amp;piwik_kwd=portada&amp;utm_source=rss&amp;utm_medium=portada&amp;utm_campaign=rss\" target=\"_blank\" rel=\"noopener\">http:\/\/www.elpunt.cat\/noticia\/article\/4-economia\/18-economia\/320377-lassociacio-de-campings-ja-te-central-de-reserves-i-entra-a-les-xarxes-socials.html?piwik_campaign=rss&amp;piwik_kwd=portada&amp;utm_source=rss&amp;utm_medium=portada&amp;utm_campaign=rss<\/a><\/p>\n<p><a href=\"http:\/\/www.aragirona.cat\/noticia\/39835\/lassociacio-de-campings-de-girona-engega-una-central-de-reserves-en-linia-per-potenciar-el\" target=\"_blank\" rel=\"noopener\">http:\/\/www.aragirona.cat\/noticia\/39835\/lassociacio-de-campings-de-girona-engega-una-central-de-reserves-en-linia-per-potenciar-el<\/a><\/p>\n<p><a href=\"http:\/\/www.vilaweb.cat\/acn\/ultima-hora\/3792669\/lassociacio-campings-girona-engega-central-reserves-linia-potenciar-sector.html\" target=\"_blank\" rel=\"noopener\">http:\/\/www.vilaweb.cat\/acn\/ultima-hora\/3792669\/lassociacio-campings-girona-engega-central-reserves-linia-potenciar-sector.html<\/a><\/p>\n<p><a href=\"http:\/\/www.abc.es\/agencias\/noticia.asp?noticia=562803\" target=\"_blank\" rel=\"noopener\">http:\/\/www.abc.es\/agencias\/noticia.asp?noticia=562803<\/a><\/p>\n","protected":false},"excerpt":{"rendered":"<p>Ja hem estrenat de manera oficial la nostra \u00a0nova p\u00e0gina web en que esteu navegant. Despr\u00e8s de la roda de premsa del dia 22 d&#8217;octubre varem gravar una petita inserci\u00f3 a TV3 TN Comarques. A partir d\u2019aqu\u00ed us donarem tota la informaci\u00f3 del m\u00f3n dels c\u00e0mpings gironins a trav\u00e9s d&#8217;aquesta nova eina on podreu opinar [&hellip;]<\/p>\n","protected":false},"author":1,"featured_media":0,"comment_status":"closed","ping_status":"open","sticky":false,"template":"","format":"standard","meta":{"_acf_changed":false,"footnotes":""},"categories":[],"tags":[],"class_list":["post-96987","post","type-post","status-publish","format-standard","hentry"],"acf":[],"_links":{"self":[{"href":"https:\/\/acg.campingsingirona.com\/ca\/wp-json\/wp\/v2\/posts\/96987","targetHints":{"allow":["GET"]}}],"collection":[{"href":"https:\/\/acg.campingsingirona.com\/ca\/wp-json\/wp\/v2\/posts"}],"about":[{"href":"https:\/\/acg.campingsingirona.com\/ca\/wp-json\/wp\/v2\/types\/post"}],"author":[{"embeddable":true,"href":"https:\/\/acg.campingsingirona.com\/ca\/wp-json\/wp\/v2\/users\/1"}],"replies":[{"embeddable":true,"href":"https:\/\/acg.campingsingirona.com\/ca\/wp-json\/wp\/v2\/comments?post=96987"}],"version-history":[{"count":1,"href":"https:\/\/acg.campingsingirona.com\/ca\/wp-json\/wp\/v2\/posts\/96987\/revisions"}],"predecessor-version":[{"id":103735,"href":"https:\/\/acg.campingsingirona.com\/ca\/wp-json\/wp\/v2\/posts\/96987\/revisions\/103735"}],"wp:attachment":[{"href":"https:\/\/acg.campingsingirona.com\/ca\/wp-json\/wp\/v2\/media?parent=96987"}],"wp:term":[{"taxonomy":"category","embeddable":true,"href":"https:\/\/acg.campingsingirona.com\/ca\/wp-json\/wp\/v2\/categories?post=96987"},{"taxonomy":"post_tag","embeddable":true,"href":"https:\/\/acg.campingsingirona.com\/ca\/wp-json\/wp\/v2\/tags?post=96987"}],"curies":[{"name":"wp","href":"https:\/\/api.w.org\/{rel}","templated":true}]}}