{"id":96984,"date":"2010-10-13T00:00:00","date_gmt":"2010-10-13T00:00:00","guid":{"rendered":"https:\/\/acg.campingsingirona.com\/en\/blog\/presentacio-de-la-nova-incorporacio-ward-wijngaert\/"},"modified":"2023-10-18T08:56:37","modified_gmt":"2023-10-18T08:56:37","slug":"presentacio-de-la-nova-incorporacio-ward-wijngaert","status":"publish","type":"post","link":"https:\/\/acg.campingsingirona.com\/ca\/presentacio-de-la-nova-incorporacio-ward-wijngaert\/","title":{"rendered":"Presentaci\u00f3 de la nova incorporaci\u00f3, Ward Wijngaert."},"content":{"rendered":"<p>Ser\u00e0 la persona que dur\u00e0 a terme els temes de promoci\u00f3 dins de l\u2019Associaci\u00f3. A l\u2019any 2006 va comen\u00e7ar enfocar-me a l\u2019ambient de promoci\u00f3 tur\u00edstic amb el <strong>Grau Superior de Comercialitzaci\u00f3 tur\u00edstica a l\u2019Escola d\u2019Hostaleria i Turisme de Girona<\/strong>. Posteriorment va cursar la <strong>Diplomatura de Turisme a la Universitat de Girona<\/strong> i va acabar de complementar la seva carrera acad\u00e8mica amb un <strong>M\u00e0ster en Comunicaci\u00f3 i Organitzaci\u00f3 d\u2019esdeveniments a l\u2019Escola Superior de Negocis i Noves Tecnologies de Barcelona.<\/strong><\/p>\n<p>El seu <strong>vincle amb el m\u00f3n dels c\u00e0mpings<\/strong> data des de quan va immigrar a Catalunya, ja que <strong>el negoci familiar es situa dins un c\u00e0mping<\/strong> i per tant sempre hi ha treballat i viscut<\/p>\n<p>El seu <strong>vincle amb la Costa Brava &#8211; Pirineus<\/strong> data des de la seva formaci\u00f3 acad\u00e8mica, quan es va comen\u00e7ar presentar a concursos i beques tur\u00edstiques de la prov\u00edncia. D\u2019aquesta manera va <strong>guanyar la 10\u00e9na beca Josep Vilagran de Girona<\/strong> i <strong>dos vegades la Beca Xiquet Sabater del Grup Costa Brava Center.<\/strong> Les bases d\u2019aquestes beques sempre es basaven al coneixement tur\u00edstic de la prov\u00edncia i la visi\u00f3 personal sobre aquest.<\/p>\n<p>A partir d\u2019aqu\u00ed va fer <strong>alguna pon\u00e8ncia per la Universitat de Girona a estudiants de turisme internacionals<\/strong> i a partir del <strong>13 de setembre s\u2019ha incorporat a l\u2019 Associaci\u00f3 de C\u00e0mpings de Girona.<\/strong><\/p>\n","protected":false},"excerpt":{"rendered":"<p>Ser\u00e0 la persona que dur\u00e0 a terme els temes de promoci\u00f3 dins de l\u2019Associaci\u00f3. A l\u2019any 2006 va comen\u00e7ar enfocar-me a l\u2019ambient de promoci\u00f3 tur\u00edstic amb el Grau Superior de Comercialitzaci\u00f3 tur\u00edstica a l\u2019Escola d\u2019Hostaleria i Turisme de Girona. Posteriorment va cursar la Diplomatura de Turisme a la Universitat de Girona i va acabar de [&hellip;]<\/p>\n","protected":false},"author":1,"featured_media":0,"comment_status":"closed","ping_status":"open","sticky":false,"template":"","format":"standard","meta":{"_acf_changed":false,"footnotes":""},"categories":[],"tags":[],"class_list":["post-96984","post","type-post","status-publish","format-standard","hentry"],"acf":[],"_links":{"self":[{"href":"https:\/\/acg.campingsingirona.com\/ca\/wp-json\/wp\/v2\/posts\/96984","targetHints":{"allow":["GET"]}}],"collection":[{"href":"https:\/\/acg.campingsingirona.com\/ca\/wp-json\/wp\/v2\/posts"}],"about":[{"href":"https:\/\/acg.campingsingirona.com\/ca\/wp-json\/wp\/v2\/types\/post"}],"author":[{"embeddable":true,"href":"https:\/\/acg.campingsingirona.com\/ca\/wp-json\/wp\/v2\/users\/1"}],"replies":[{"embeddable":true,"href":"https:\/\/acg.campingsingirona.com\/ca\/wp-json\/wp\/v2\/comments?post=96984"}],"version-history":[{"count":1,"href":"https:\/\/acg.campingsingirona.com\/ca\/wp-json\/wp\/v2\/posts\/96984\/revisions"}],"predecessor-version":[{"id":103732,"href":"https:\/\/acg.campingsingirona.com\/ca\/wp-json\/wp\/v2\/posts\/96984\/revisions\/103732"}],"wp:attachment":[{"href":"https:\/\/acg.campingsingirona.com\/ca\/wp-json\/wp\/v2\/media?parent=96984"}],"wp:term":[{"taxonomy":"category","embeddable":true,"href":"https:\/\/acg.campingsingirona.com\/ca\/wp-json\/wp\/v2\/categories?post=96984"},{"taxonomy":"post_tag","embeddable":true,"href":"https:\/\/acg.campingsingirona.com\/ca\/wp-json\/wp\/v2\/tags?post=96984"}],"curies":[{"name":"wp","href":"https:\/\/api.w.org\/{rel}","templated":true}]}}