{"id":96982,"date":"2010-10-13T00:00:00","date_gmt":"2010-10-13T00:00:00","guid":{"rendered":"https:\/\/acg.campingsingirona.com\/en\/blog\/els-campings-gironins-perden-aquest-estiu-un-3-dels-clients\/"},"modified":"2023-10-18T08:56:36","modified_gmt":"2023-10-18T08:56:36","slug":"els-campings-gironins-perden-aquest-estiu-un-3-dels-clients","status":"publish","type":"post","link":"https:\/\/acg.campingsingirona.com\/ca\/els-campings-gironins-perden-aquest-estiu-un-3-dels-clients\/","title":{"rendered":"Els c\u00e0mpings gironins perden aquest estiu un 3% dels clients"},"content":{"rendered":"<p>Els c\u00e0mpings gironins han perdut un 3% d\u2019ocupaci\u00f3 aquest estiu en relaci\u00f3 amb la temporada passada. Les dades s\u2019han donat a con\u00e8ixer en l\u2019assemblea que l\u2019associaci\u00f3 que els agrupa ha celebrat avui a Torroella de Montgr\u00ed i que ha servit tamb\u00e9 per presentar un pla d\u2019accions per capgirar aquesta tend\u00e8ncia negativa. Augmentar la competitivitat i incrementar la pres\u00e8ncia als mercats emissors de turistes s\u00f3n algunes de les mesures que es proposen.<\/p>\n<p>Tot i que el 30 de juny d\u2019aquest any les xifres d\u2019ocupaci\u00f3 als c\u00e0mpings gironins eren sensiblement millors que el mateix per\u00edode del 2008. finalment aquests bons inicis no han acabat de culminar. Els c\u00e0mpings de la prov\u00edncia han perdut de mitjana un 3% de clients en relaci\u00f3 a l\u2019estiu de l\u2019any passat, segons ha confirmat aquest mat\u00ed el president de <a title=\"Associaci\u00f3 de C\u00e0mpings de Girona\" href=\"http:\/\/www.campingsingirona.es\" target=\"_blank\" rel=\"noopener\">l\u2019Associaci\u00f3 de C\u00e0mpings de Girona<\/a>, Josep Maria Pla. El principi de juliol va ser molt fluix, amb una disminuci\u00f3 de campistes holandesos i belgues, mentre que el mes d\u2019agost va ser m\u00e9s bo, sobretot els darrers deu dies gr\u00e0cies al bon temps.<!--more--><\/p>\n<p>Pla s\u2019ha mostrat especialment preocupat pel fet que es tracta del segon estiu consecutiu amb un descens de l\u2019ocupaci\u00f3. En concret, els dos darrers anys la baixada ha estat d\u2019un 8% en total a les temporades estiuenques. A difer\u00e8ncia de l\u2019any passat, quan la baixada va ser lineal a tota la prov\u00edncia, aquest estiu &#8220;algunes poblacions s\u2019han mantingut m\u00e9s que altres, i fins i tot hi ha hagut m\u00e9s moviment entre els campistes, que estaven una setmana en un lloc i l\u2019altra canviaven&#8221;, ha explicat el m\u00e0xim representant dels campistes gironins.<\/p>\n<p><strong>Reactivar el sector<\/strong><br \/>\nEl president de l\u2019Associaci\u00f3 de C\u00e0mpings de Girona ho atribueix a la situaci\u00f3 de crisi econ\u00f2mica, per\u00f2 no es resigna i alerta que &#8220;hem de reaccionar&#8221;. &#8220;Hem d\u2019intentar posar en marxa accions per canviar la din\u00e0mica&#8221;, ha dit despr\u00e8s de l\u2019assemblea general que l\u2019entitat ha fet aquest mat\u00ed al c\u00e0mping El Delf\u00edn Verde de Torroella de Montgr\u00ed i en la que ha anunciat un pla de mesures pels propers anys. L\u2019objectiu principal d\u2019aquestes accions ser\u00e0 reactivar el sector i augmentar la competitivitat respecte als principals competidors, que s\u00f3n els c\u00e0mpings francesos i italians. En aquest sentit, Josep Maria Pla ha anunciat que l\u2019associaci\u00f3 oferir\u00e0 m\u00e9s serveis als c\u00e0mpings perqu\u00e8 puguin, entre altres coses, comercialitzar millor els seus productes. Una altra de les mesures ser\u00e0 incrementar la seva pres\u00e8ncia als mercats emissors de turistes, ja que el 65% dels clients dels c\u00e0mpings gironins s\u00f3n estrangers. Per aix\u00f2, es continuar\u00e0 amb la promoci\u00f3 a diferents fires tur\u00edstiques europees, es potenciaran els viatges de periodistes especialitzats i s\u2019editar\u00e0 una nova guia en paper dels establiments gironins.<\/p>\n<p><strong>Estudis i reconeixements<\/strong><br \/>\nUna de les accions que ja s\u2019ha dut a terme per potenciar el coneixement sobre el sector \u00e9s la creaci\u00f3 dels Premis Associaci\u00f3 de C\u00e0mpings de Girona, que en la seva primera edici\u00f3 han rebut diversos treballs d\u2019estudiants de Turisme de la Universitat de Girona. El guanyador ha estat &#8220;Estudi de l\u2019oferta de c\u00e0mpings de Catalunya. Posicionament del mercat per marques tur\u00edstiques&#8221; d\u2019Albert Sal\u00f3 i Teresa Fern\u00e0ndez, que han rebut el guard\u00f3 durant l\u2019assemblea d\u2019avui. En la sessi\u00f3 tamb\u00e9 s\u2019ha nomenat Jaume Genover President Honor\u00edfic de l\u2019entitat i s\u2019ha lliurat una distinci\u00f3 a Josep Lumbreras i a Cari Lumbreras per la seva implicaci\u00f3 i dedicaci\u00f3 a l\u2019associaci\u00f3.<\/p>\n<p><span style=\"color: #888888;\"><em>Font: lamalla. Publ icat el 28\/09\/2010<\/em><\/span><\/p>\n","protected":false},"excerpt":{"rendered":"<p>Els c\u00e0mpings gironins han perdut un 3% d\u2019ocupaci\u00f3 aquest estiu en relaci\u00f3 amb la temporada passada. Les dades s\u2019han donat a con\u00e8ixer en l\u2019assemblea que l\u2019associaci\u00f3 que els agrupa ha celebrat avui a Torroella de Montgr\u00ed i que ha servit tamb\u00e9 per presentar un pla d\u2019accions per capgirar aquesta tend\u00e8ncia negativa. Augmentar la competitivitat i [&hellip;]<\/p>\n","protected":false},"author":1,"featured_media":96983,"comment_status":"closed","ping_status":"open","sticky":false,"template":"","format":"standard","meta":{"_acf_changed":false,"footnotes":""},"categories":[],"tags":[],"class_list":["post-96982","post","type-post","status-publish","format-standard","has-post-thumbnail","hentry"],"acf":[],"_links":{"self":[{"href":"https:\/\/acg.campingsingirona.com\/ca\/wp-json\/wp\/v2\/posts\/96982","targetHints":{"allow":["GET"]}}],"collection":[{"href":"https:\/\/acg.campingsingirona.com\/ca\/wp-json\/wp\/v2\/posts"}],"about":[{"href":"https:\/\/acg.campingsingirona.com\/ca\/wp-json\/wp\/v2\/types\/post"}],"author":[{"embeddable":true,"href":"https:\/\/acg.campingsingirona.com\/ca\/wp-json\/wp\/v2\/users\/1"}],"replies":[{"embeddable":true,"href":"https:\/\/acg.campingsingirona.com\/ca\/wp-json\/wp\/v2\/comments?post=96982"}],"version-history":[{"count":1,"href":"https:\/\/acg.campingsingirona.com\/ca\/wp-json\/wp\/v2\/posts\/96982\/revisions"}],"predecessor-version":[{"id":103731,"href":"https:\/\/acg.campingsingirona.com\/ca\/wp-json\/wp\/v2\/posts\/96982\/revisions\/103731"}],"wp:featuredmedia":[{"embeddable":true,"href":"https:\/\/acg.campingsingirona.com\/ca\/wp-json\/wp\/v2\/media\/96983"}],"wp:attachment":[{"href":"https:\/\/acg.campingsingirona.com\/ca\/wp-json\/wp\/v2\/media?parent=96982"}],"wp:term":[{"taxonomy":"category","embeddable":true,"href":"https:\/\/acg.campingsingirona.com\/ca\/wp-json\/wp\/v2\/categories?post=96982"},{"taxonomy":"post_tag","embeddable":true,"href":"https:\/\/acg.campingsingirona.com\/ca\/wp-json\/wp\/v2\/tags?post=96982"}],"curies":[{"name":"wp","href":"https:\/\/api.w.org\/{rel}","templated":true}]}}