{"id":96981,"date":"2010-10-01T00:00:00","date_gmt":"2010-10-01T00:00:00","guid":{"rendered":"https:\/\/acg.campingsingirona.com\/en\/blog\/comentario-de-prueba\/"},"modified":"2023-10-18T08:56:35","modified_gmt":"2023-10-18T08:56:35","slug":"comentario-de-prueba","status":"publish","type":"post","link":"https:\/\/acg.campingsingirona.com\/ca\/comentario-de-prueba\/","title":{"rendered":"Els c\u00e0mpings hauran de cedir part dels terrenys"},"content":{"rendered":"<p>El conseller de Pol\u00edtica Territorial i Obres P\u00fabliques, Joaquim Nadal, considera que s&#8217;ha de corregir l&#8217;atermenament dels c\u00e0mpings de Blanes que proposa l&#8217;Estat per garantir-ne la seva activitat econ\u00f2mica.<\/p>\n<p>El 14 d&#8217;octubre est\u00e0 prevista la reuni\u00f3 per a la cessi\u00f3 de bona part dels terrenys que els c\u00e0mpings del municipi, a tocar de la platja, han de cedir a l&#8217;Estat per convertir-lo en espai de domini p\u00fablic. El conseller conf ia que la trobada servir\u00e0 perqu\u00e8 les parts \u2013c\u00e0mpings, Ajuntament, Generalitat i Estat\u2013 arribin a un acord.<\/p>\n<p>El conseller Nadal diu que l&#8217;activitat econ\u00f2mica dels c\u00e0mpings \u201cno \u00e9s prescindible\u201d per al municipi i reconeix que \u00e9s un element important per al desenvolupament tur\u00edstic. Per aquest motiu, ha assegurat que s&#8217;intentar\u00e0 \u201ccompensar les parts afectades\u201d.\ufeff<\/p>\n<p><span style=\"color: #808080;\"><em>Font: El Punt + Avui.\u00a0 Not\u00edcia publicada a El Punt Comarques Gironines 07-10-2010. P\u00e0gina 6<\/em><\/span><\/p>\n","protected":false},"excerpt":{"rendered":"<p>El conseller de Pol\u00edtica Territorial i Obres P\u00fabliques, Joaquim Nadal, considera que s&#8217;ha de corregir l&#8217;atermenament dels c\u00e0mpings de Blanes que proposa l&#8217;Estat per garantir-ne la seva activitat econ\u00f2mica. El 14 d&#8217;octubre est\u00e0 prevista la reuni\u00f3 per a la cessi\u00f3 de bona part dels terrenys que els c\u00e0mpings del municipi, a tocar de la platja, [&hellip;]<\/p>\n","protected":false},"author":1,"featured_media":0,"comment_status":"closed","ping_status":"open","sticky":false,"template":"","format":"standard","meta":{"_acf_changed":false,"footnotes":""},"categories":[],"tags":[],"class_list":["post-96981","post","type-post","status-publish","format-standard","hentry"],"acf":[],"_links":{"self":[{"href":"https:\/\/acg.campingsingirona.com\/ca\/wp-json\/wp\/v2\/posts\/96981","targetHints":{"allow":["GET"]}}],"collection":[{"href":"https:\/\/acg.campingsingirona.com\/ca\/wp-json\/wp\/v2\/posts"}],"about":[{"href":"https:\/\/acg.campingsingirona.com\/ca\/wp-json\/wp\/v2\/types\/post"}],"author":[{"embeddable":true,"href":"https:\/\/acg.campingsingirona.com\/ca\/wp-json\/wp\/v2\/users\/1"}],"replies":[{"embeddable":true,"href":"https:\/\/acg.campingsingirona.com\/ca\/wp-json\/wp\/v2\/comments?post=96981"}],"version-history":[{"count":1,"href":"https:\/\/acg.campingsingirona.com\/ca\/wp-json\/wp\/v2\/posts\/96981\/revisions"}],"predecessor-version":[{"id":103730,"href":"https:\/\/acg.campingsingirona.com\/ca\/wp-json\/wp\/v2\/posts\/96981\/revisions\/103730"}],"wp:attachment":[{"href":"https:\/\/acg.campingsingirona.com\/ca\/wp-json\/wp\/v2\/media?parent=96981"}],"wp:term":[{"taxonomy":"category","embeddable":true,"href":"https:\/\/acg.campingsingirona.com\/ca\/wp-json\/wp\/v2\/categories?post=96981"},{"taxonomy":"post_tag","embeddable":true,"href":"https:\/\/acg.campingsingirona.com\/ca\/wp-json\/wp\/v2\/tags?post=96981"}],"curies":[{"name":"wp","href":"https:\/\/api.w.org\/{rel}","templated":true}]}}