{"id":112408,"date":"2025-02-10T11:47:44","date_gmt":"2025-02-10T11:47:44","guid":{"rendered":"https:\/\/acg.campingsingirona.com\/?p=112408"},"modified":"2025-02-10T11:47:50","modified_gmt":"2025-02-10T11:47:50","slug":"nous-associats-camping-palamos-relax-nat-i-relax-ge","status":"publish","type":"post","link":"https:\/\/acg.campingsingirona.com\/ca\/nous-associats-camping-palamos-relax-nat-i-relax-ge\/","title":{"rendered":"Nous Associats: C\u00e0mping Palam\u00f3s, Relax-Nat i Relax-Ge"},"content":{"rendered":"\n<p>Ens complau donar la benvinguda als nous membres que s&#8217;han unit a la nostra fam\u00edlia aquest 2025: <strong><a href=\"https:\/\/campingsingirona.com\/ca\/campings\/camping-palamos\/\">C\u00e0mping Palam\u00f3s<\/a><\/strong>, <strong><a href=\"https:\/\/campingsingirona.com\/ca\/campings\/camping-relax-ge\/\">C\u00e0mping Relax-Ge<\/a><\/strong> i <a href=\"https:\/\/campingsingirona.com\/ca\/campings\/camping-relax-nat\/\"><strong>C\u00e0mping Relax-Nat<\/strong><\/a>.<\/p>\n\n\n\n<p>Amb la incorporaci\u00f3 d&#8217;aquests tres c\u00e0mpings, reforcem el nostre comprom\u00eds amb la qualitat, la diversitat i l&#8217;excel\u00b7l\u00e8ncia en l&#8217;oferta tur\u00edstica de la Costa Brava i les comarques gironines.<\/p>\n\n\n\n<ul class=\"wp-block-list\">\n<li><strong><a href=\"https:\/\/campingsingirona.com\/ca\/campings\/camping-palamos\/\">C\u00e0mping Palam\u00f3s<\/a><\/strong>: situat en una de les localitzacions m\u00e9s emblem\u00e0tiques de la Costa Brava, ofereix una experi\u00e8ncia \u00fanica per a fam\u00edlies i amants de la natura.<\/li>\n\n\n\n<li><strong><a href=\"https:\/\/campingsingirona.com\/ca\/campings\/camping-relax-ge\/\">C\u00e0mping Relax-Ge<\/a><\/strong>: un espai on la tranquil\u00b7litat i el confort es combinen per garantir estades memorables per a tots els visitants.<\/li>\n\n\n\n<li><a href=\"https:\/\/campingsingirona.com\/ca\/campings\/camping-relax-nat\/\"><strong>C\u00e0mping Relax-Nat<\/strong><\/a>: especialitzat en turisme naturista, amb una oferta sostenible i respectuosa amb l&#8217;entorn natural.<\/li>\n<\/ul>\n\n\n\n<p>Estem encantats de comptar amb la seva experi\u00e8ncia i la seva aposta per un turisme de qualitat que contribueix a posicionar Girona com una destinaci\u00f3 de refer\u00e8ncia. Us convidem a descobrir les sevesinstal\u00b7lacions i serveis, i a treballar plegats per seguir oferint experi\u00e8ncies inoblidables als nostres visitants.<\/p>\n\n\n\n<p><strong>Benvinguts a l\u2019Associaci\u00f3 de C\u00e0mpings de Girona!<\/strong><\/p>\n\n\n\n<figure class=\"wp-block-gallery has-nested-images columns-default is-cropped wp-block-gallery-1 is-layout-flex wp-block-gallery-is-layout-flex\">\n<figure class=\"wp-block-image size-large\"><img loading=\"lazy\" decoding=\"async\" width=\"1024\" height=\"683\" data-id=\"112440\" src=\"https:\/\/acg.campingsingirona.com\/wp-content\/uploads\/2025\/02\/Cala-Margarita-Familia-12-de-99-scaled-1-1024x683.jpg\" alt=\"\" class=\"wp-image-112440\" srcset=\"https:\/\/acg.campingsingirona.com\/wp-content\/uploads\/2025\/02\/Cala-Margarita-Familia-12-de-99-scaled-1-1024x683.jpg 1024w, https:\/\/acg.campingsingirona.com\/wp-content\/uploads\/2025\/02\/Cala-Margarita-Familia-12-de-99-scaled-1-768x512.jpg 768w, https:\/\/acg.campingsingirona.com\/wp-content\/uploads\/2025\/02\/Cala-Margarita-Familia-12-de-99-scaled-1-1536x1024.jpg 1536w, https:\/\/acg.campingsingirona.com\/wp-content\/uploads\/2025\/02\/Cala-Margarita-Familia-12-de-99-scaled-1-2048x1366.jpg 2048w\" sizes=\"auto, (max-width: 1024px) 100vw, 1024px\" \/><\/figure>\n\n\n\n<figure class=\"wp-block-image size-large\"><img loading=\"lazy\" decoding=\"async\" width=\"1024\" height=\"683\" data-id=\"112446\" src=\"https:\/\/acg.campingsingirona.com\/wp-content\/uploads\/2025\/02\/Unknown-1024x683.jpeg\" alt=\"\" class=\"wp-image-112446\" srcset=\"https:\/\/acg.campingsingirona.com\/wp-content\/uploads\/2025\/02\/Unknown-1024x683.jpeg 1024w, https:\/\/acg.campingsingirona.com\/wp-content\/uploads\/2025\/02\/Unknown-768x512.jpeg 768w, https:\/\/acg.campingsingirona.com\/wp-content\/uploads\/2025\/02\/Unknown-1536x1024.jpeg 1536w, https:\/\/acg.campingsingirona.com\/wp-content\/uploads\/2025\/02\/Unknown-2048x1366.jpeg 2048w\" sizes=\"auto, (max-width: 1024px) 100vw, 1024px\" \/><\/figure>\n\n\n\n<figure class=\"wp-block-image size-large\"><img loading=\"lazy\" decoding=\"async\" width=\"1024\" height=\"678\" data-id=\"112452\" src=\"https:\/\/acg.campingsingirona.com\/wp-content\/uploads\/2025\/02\/Camping-Relax-Nat-scaled-1-1024x678.jpg\" alt=\"\" class=\"wp-image-112452\" srcset=\"https:\/\/acg.campingsingirona.com\/wp-content\/uploads\/2025\/02\/Camping-Relax-Nat-scaled-1-1024x678.jpg 1024w, https:\/\/acg.campingsingirona.com\/wp-content\/uploads\/2025\/02\/Camping-Relax-Nat-scaled-1-768x509.jpg 768w, https:\/\/acg.campingsingirona.com\/wp-content\/uploads\/2025\/02\/Camping-Relax-Nat-scaled-1-1536x1017.jpg 1536w, https:\/\/acg.campingsingirona.com\/wp-content\/uploads\/2025\/02\/Camping-Relax-Nat-scaled-1-2048x1356.jpg 2048w\" sizes=\"auto, (max-width: 1024px) 100vw, 1024px\" \/><\/figure>\n<\/figure>\n","protected":false},"excerpt":{"rendered":"<p>Ens complau donar la benvinguda als nous membres que s&#8217;han unit a la nostra fam\u00edlia aquest 2025: C\u00e0mping Palam\u00f3s, C\u00e0mping Relax-Ge i C\u00e0mping Relax-Nat. Amb la incorporaci\u00f3 d&#8217;aquests tres c\u00e0mpings, reforcem el nostre comprom\u00eds amb la qualitat, la diversitat i l&#8217;excel\u00b7l\u00e8ncia en l&#8217;oferta tur\u00edstica de la Costa Brava i les comarques gironines. Estem encantats de [&hellip;]<\/p>\n","protected":false},"author":16,"featured_media":112440,"comment_status":"closed","ping_status":"closed","sticky":false,"template":"","format":"standard","meta":{"_acf_changed":false,"footnotes":""},"categories":[1],"tags":[],"class_list":["post-112408","post","type-post","status-publish","format-standard","has-post-thumbnail","hentry","category-sense-categoria"],"acf":[],"_links":{"self":[{"href":"https:\/\/acg.campingsingirona.com\/ca\/wp-json\/wp\/v2\/posts\/112408","targetHints":{"allow":["GET"]}}],"collection":[{"href":"https:\/\/acg.campingsingirona.com\/ca\/wp-json\/wp\/v2\/posts"}],"about":[{"href":"https:\/\/acg.campingsingirona.com\/ca\/wp-json\/wp\/v2\/types\/post"}],"author":[{"embeddable":true,"href":"https:\/\/acg.campingsingirona.com\/ca\/wp-json\/wp\/v2\/users\/16"}],"replies":[{"embeddable":true,"href":"https:\/\/acg.campingsingirona.com\/ca\/wp-json\/wp\/v2\/comments?post=112408"}],"version-history":[{"count":2,"href":"https:\/\/acg.campingsingirona.com\/ca\/wp-json\/wp\/v2\/posts\/112408\/revisions"}],"predecessor-version":[{"id":112458,"href":"https:\/\/acg.campingsingirona.com\/ca\/wp-json\/wp\/v2\/posts\/112408\/revisions\/112458"}],"wp:featuredmedia":[{"embeddable":true,"href":"https:\/\/acg.campingsingirona.com\/ca\/wp-json\/wp\/v2\/media\/112440"}],"wp:attachment":[{"href":"https:\/\/acg.campingsingirona.com\/ca\/wp-json\/wp\/v2\/media?parent=112408"}],"wp:term":[{"taxonomy":"category","embeddable":true,"href":"https:\/\/acg.campingsingirona.com\/ca\/wp-json\/wp\/v2\/categories?post=112408"},{"taxonomy":"post_tag","embeddable":true,"href":"https:\/\/acg.campingsingirona.com\/ca\/wp-json\/wp\/v2\/tags?post=112408"}],"curies":[{"name":"wp","href":"https:\/\/api.w.org\/{rel}","templated":true}]}}