{"id":110927,"date":"2024-10-29T15:07:05","date_gmt":"2024-10-29T15:07:05","guid":{"rendered":"https:\/\/acg.campingsingirona.com\/?p=110927"},"modified":"2024-10-31T15:08:26","modified_gmt":"2024-10-31T15:08:26","slug":"lassociacio-de-campings-de-girona-assisteix-a-lopen-air-forum-2024-a-roma","status":"publish","type":"post","link":"https:\/\/acg.campingsingirona.com\/ca\/lassociacio-de-campings-de-girona-assisteix-a-lopen-air-forum-2024-a-roma\/","title":{"rendered":"L\u2019Associaci\u00f3 de C\u00e0mpings de Girona assisteix a l\u2019Open Air Forum 2024 a Roma\u00a0"},"content":{"rendered":"\n<p>L\u2019Associaci\u00f3 de C\u00e0mpings de Girona (ACG) ha participat a l\u2019Open Air Forum 2024, celebrat a Roma els dies <strong>28 i 29 d\u2019octubre<\/strong>, organitzat per <strong>FAITA-FederCamping<\/strong>. Aquest esdeveniment pioner ha reunit representants de l\u2019\u00e0mbit institucional, empreses i associacions del sector per debatre les \u00faltimes tend\u00e8ncies i reptes del <strong>turisme a l\u2019aire lliure<\/strong>.&nbsp;<\/p>\n\n\n\n<p>Durant el f\u00f2rum, els assistents van tenir l\u2019oportunitat d\u2019intercanviar coneixements sobre nous serveis, normes i temes clau com la <strong>sostenibilitat<\/strong> (criteris ESG) i la transici\u00f3 energ\u00e8tica, que s\u00f3n fonamentals per al futur del sector. Tamb\u00e9 es va aprofundir en la <strong>digitalitzaci\u00f3<\/strong>, l\u2019evoluci\u00f3 dels serveis per millorar l\u2019experi\u00e8ncia dels clients i la import\u00e0ncia de la gesti\u00f3 de recursos humans.&nbsp;<\/p>\n\n\n\n<p>La participaci\u00f3 de l\u2019ACG en aquest esdeveniment ha estat molt enriquidora, permetent enfortir contactes i obtenir informaci\u00f3 actualitzada per <strong>donar suport als c\u00e0mpings associats<\/strong> davant els nous reptes del sector del c\u00e0mping i l\u2019aire lliure.\u00a0<\/p>\n\n\n\n<figure class=\"wp-block-image size-large\"><img loading=\"lazy\" decoding=\"async\" width=\"1024\" height=\"517\" src=\"https:\/\/acg.campingsingirona.com\/wp-content\/uploads\/2024\/10\/Captura-de-pantalla-2024-10-31-a-las-16.07.40-1024x517.png\" alt=\"\" class=\"wp-image-110928\" srcset=\"https:\/\/acg.campingsingirona.com\/wp-content\/uploads\/2024\/10\/Captura-de-pantalla-2024-10-31-a-las-16.07.40-1024x517.png 1024w, https:\/\/acg.campingsingirona.com\/wp-content\/uploads\/2024\/10\/Captura-de-pantalla-2024-10-31-a-las-16.07.40-768x388.png 768w, https:\/\/acg.campingsingirona.com\/wp-content\/uploads\/2024\/10\/Captura-de-pantalla-2024-10-31-a-las-16.07.40.png 1318w\" sizes=\"auto, (max-width: 1024px) 100vw, 1024px\" \/><\/figure>\n\n\n\n<p><\/p>\n","protected":false},"excerpt":{"rendered":"<p>L\u2019Associaci\u00f3 de C\u00e0mpings de Girona (ACG) ha participat a l\u2019Open Air Forum 2024, celebrat a Roma els dies 28 i 29 d\u2019octubre, organitzat per FAITA-FederCamping. Aquest esdeveniment pioner ha reunit representants de l\u2019\u00e0mbit institucional, empreses i associacions del sector per debatre les \u00faltimes tend\u00e8ncies i reptes del turisme a l\u2019aire lliure.&nbsp; Durant el f\u00f2rum, els [&hellip;]<\/p>\n","protected":false},"author":1,"featured_media":110928,"comment_status":"closed","ping_status":"closed","sticky":false,"template":"","format":"standard","meta":{"_acf_changed":false,"footnotes":""},"categories":[1],"tags":[],"class_list":["post-110927","post","type-post","status-publish","format-standard","has-post-thumbnail","hentry","category-sense-categoria"],"acf":[],"_links":{"self":[{"href":"https:\/\/acg.campingsingirona.com\/ca\/wp-json\/wp\/v2\/posts\/110927","targetHints":{"allow":["GET"]}}],"collection":[{"href":"https:\/\/acg.campingsingirona.com\/ca\/wp-json\/wp\/v2\/posts"}],"about":[{"href":"https:\/\/acg.campingsingirona.com\/ca\/wp-json\/wp\/v2\/types\/post"}],"author":[{"embeddable":true,"href":"https:\/\/acg.campingsingirona.com\/ca\/wp-json\/wp\/v2\/users\/1"}],"replies":[{"embeddable":true,"href":"https:\/\/acg.campingsingirona.com\/ca\/wp-json\/wp\/v2\/comments?post=110927"}],"version-history":[{"count":1,"href":"https:\/\/acg.campingsingirona.com\/ca\/wp-json\/wp\/v2\/posts\/110927\/revisions"}],"predecessor-version":[{"id":110934,"href":"https:\/\/acg.campingsingirona.com\/ca\/wp-json\/wp\/v2\/posts\/110927\/revisions\/110934"}],"wp:featuredmedia":[{"embeddable":true,"href":"https:\/\/acg.campingsingirona.com\/ca\/wp-json\/wp\/v2\/media\/110928"}],"wp:attachment":[{"href":"https:\/\/acg.campingsingirona.com\/ca\/wp-json\/wp\/v2\/media?parent=110927"}],"wp:term":[{"taxonomy":"category","embeddable":true,"href":"https:\/\/acg.campingsingirona.com\/ca\/wp-json\/wp\/v2\/categories?post=110927"},{"taxonomy":"post_tag","embeddable":true,"href":"https:\/\/acg.campingsingirona.com\/ca\/wp-json\/wp\/v2\/tags?post=110927"}],"curies":[{"name":"wp","href":"https:\/\/api.w.org\/{rel}","templated":true}]}}