{"id":109927,"date":"2024-08-06T09:23:19","date_gmt":"2024-08-06T09:23:19","guid":{"rendered":"https:\/\/acg.campingsingirona.com\/?p=109927"},"modified":"2024-08-30T09:24:27","modified_gmt":"2024-08-30T09:24:27","slug":"exit-de-la-nova-edicio-del-camping-solidari-un-estiu-de-solidaritat-i-compromis","status":"publish","type":"post","link":"https:\/\/acg.campingsingirona.com\/ca\/exit-de-la-nova-edicio-del-camping-solidari-un-estiu-de-solidaritat-i-compromis\/","title":{"rendered":"\u00c8xit de la Nova Edici\u00f3 del C\u00e0mping Solidari: Un Estiu de Solidaritat i Comprom\u00eds\u00a0"},"content":{"rendered":"\n<figure class=\"wp-block-image size-large\"><img loading=\"lazy\" decoding=\"async\" width=\"1024\" height=\"829\" src=\"https:\/\/acg.campingsingirona.com\/wp-content\/uploads\/2024\/08\/pexels-pixabay-461049-1024x829.jpg\" alt=\"\" class=\"wp-image-109921\" srcset=\"https:\/\/acg.campingsingirona.com\/wp-content\/uploads\/2024\/08\/pexels-pixabay-461049-1024x829.jpg 1024w, https:\/\/acg.campingsingirona.com\/wp-content\/uploads\/2024\/08\/pexels-pixabay-461049-768x622.jpg 768w, https:\/\/acg.campingsingirona.com\/wp-content\/uploads\/2024\/08\/pexels-pixabay-461049-1536x1244.jpg 1536w, https:\/\/acg.campingsingirona.com\/wp-content\/uploads\/2024\/08\/pexels-pixabay-461049-2048x1659.jpg 2048w\" sizes=\"auto, (max-width: 1024px) 100vw, 1024px\" \/><\/figure>\n\n\n\n<p>Aquest estiu, l&#8217;acci\u00f3 <strong>C\u00e0mping Solidari ha tornat amb for\u00e7a<\/strong>, consolidant-se com una iniciativa solid\u00e0ria que segueix activa mentre els c\u00e0mpings estan oberts. Coordinada per <strong>GAP Serveis Tur\u00edstics<\/strong>, aquesta campanya anual ofereix diverses activitats solid\u00e0ries per recaptar fons per a causes com la <strong>lluita contra l&#8217;esclerosi m\u00faltiple, la investigaci\u00f3 del c\u00e0ncer infantil i el suport a persones amb discapacitat.<\/strong>&nbsp;<\/p>\n\n\n\n<p>Durant l&#8217;edici\u00f3 del 2023, es van recaptar <strong>m\u00e9s de 24.000 euros<\/strong>, destinats a entitats com la Fundaci\u00f3 Esclerosi M\u00faltiple, l&#8217;Hospital Sant Joan de D\u00e9u, AFANOC i la Fundaci\u00f3 Astrid 21. Aquestes donacions s\u00f3n un reflex del comprom\u00eds dels participants i c\u00e0mpings implicats.&nbsp;<\/p>\n\n\n\n<p>Enguany, les activitats continuen amb la Campanya Mulla\u2019t, tallers de polseres solid\u00e0ries, curses i altres esdeveniments, amb la mateixa il\u00b7lusi\u00f3 i dedicaci\u00f3.&nbsp;<\/p>\n\n\n\n<p>El C\u00e0mping Solidari no nom\u00e9s <strong>promou la solidaritat<\/strong>, sin\u00f3 que tamb\u00e9 contribueix a la <strong>sostenibilitat del territori<\/strong>, fent de les vacances una experi\u00e8ncia m\u00e9s enriquidora. Encoratgem a tots a participar en aquesta nova edici\u00f3 i continuar fent costat a aquestes causes tan necess\u00e0ries.&nbsp;<\/p>\n","protected":false},"excerpt":{"rendered":"<p>Aquest estiu, l&#8217;acci\u00f3 C\u00e0mping Solidari ha tornat amb for\u00e7a, consolidant-se com una iniciativa solid\u00e0ria que segueix activa mentre els c\u00e0mpings estan oberts. Coordinada per GAP Serveis Tur\u00edstics, aquesta campanya anual ofereix diverses activitats solid\u00e0ries per recaptar fons per a causes com la lluita contra l&#8217;esclerosi m\u00faltiple, la investigaci\u00f3 del c\u00e0ncer infantil i el suport a [&hellip;]<\/p>\n","protected":false},"author":1,"featured_media":109921,"comment_status":"closed","ping_status":"closed","sticky":false,"template":"","format":"standard","meta":{"_acf_changed":false,"footnotes":""},"categories":[1],"tags":[],"class_list":["post-109927","post","type-post","status-publish","format-standard","has-post-thumbnail","hentry","category-sense-categoria"],"acf":[],"_links":{"self":[{"href":"https:\/\/acg.campingsingirona.com\/ca\/wp-json\/wp\/v2\/posts\/109927","targetHints":{"allow":["GET"]}}],"collection":[{"href":"https:\/\/acg.campingsingirona.com\/ca\/wp-json\/wp\/v2\/posts"}],"about":[{"href":"https:\/\/acg.campingsingirona.com\/ca\/wp-json\/wp\/v2\/types\/post"}],"author":[{"embeddable":true,"href":"https:\/\/acg.campingsingirona.com\/ca\/wp-json\/wp\/v2\/users\/1"}],"replies":[{"embeddable":true,"href":"https:\/\/acg.campingsingirona.com\/ca\/wp-json\/wp\/v2\/comments?post=109927"}],"version-history":[{"count":1,"href":"https:\/\/acg.campingsingirona.com\/ca\/wp-json\/wp\/v2\/posts\/109927\/revisions"}],"predecessor-version":[{"id":109928,"href":"https:\/\/acg.campingsingirona.com\/ca\/wp-json\/wp\/v2\/posts\/109927\/revisions\/109928"}],"wp:featuredmedia":[{"embeddable":true,"href":"https:\/\/acg.campingsingirona.com\/ca\/wp-json\/wp\/v2\/media\/109921"}],"wp:attachment":[{"href":"https:\/\/acg.campingsingirona.com\/ca\/wp-json\/wp\/v2\/media?parent=109927"}],"wp:term":[{"taxonomy":"category","embeddable":true,"href":"https:\/\/acg.campingsingirona.com\/ca\/wp-json\/wp\/v2\/categories?post=109927"},{"taxonomy":"post_tag","embeddable":true,"href":"https:\/\/acg.campingsingirona.com\/ca\/wp-json\/wp\/v2\/tags?post=109927"}],"curies":[{"name":"wp","href":"https:\/\/api.w.org\/{rel}","templated":true}]}}