{"id":109905,"date":"2024-08-28T20:03:35","date_gmt":"2024-08-28T20:03:35","guid":{"rendered":"https:\/\/acg.campingsingirona.com\/?p=109905"},"modified":"2024-08-29T20:12:20","modified_gmt":"2024-08-29T20:12:20","slug":"girocamping-pro-2024-el-congres-de-referencia-per-al-sector-del-camping-torna-a-girona","status":"publish","type":"post","link":"https:\/\/acg.campingsingirona.com\/ca\/girocamping-pro-2024-el-congres-de-referencia-per-al-sector-del-camping-torna-a-girona\/","title":{"rendered":"Girocamping PRO 2024: El Congr\u00e9s de Refer\u00e8ncia per al Sector del C\u00e0mping Torna a Girona\u00a0"},"content":{"rendered":"\n<figure class=\"wp-block-image size-large\"><img loading=\"lazy\" decoding=\"async\" width=\"1024\" height=\"514\" src=\"https:\/\/acg.campingsingirona.com\/wp-content\/uploads\/2024\/08\/Girocamping-1024x514.png\" alt=\"\" class=\"wp-image-109906\" srcset=\"https:\/\/acg.campingsingirona.com\/wp-content\/uploads\/2024\/08\/Girocamping-1024x514.png 1024w, https:\/\/acg.campingsingirona.com\/wp-content\/uploads\/2024\/08\/Girocamping-768x385.png 768w, https:\/\/acg.campingsingirona.com\/wp-content\/uploads\/2024\/08\/Girocamping-1536x771.png 1536w, https:\/\/acg.campingsingirona.com\/wp-content\/uploads\/2024\/08\/Girocamping.png 1766w\" sizes=\"auto, (max-width: 1024px) 100vw, 1024px\" \/><\/figure>\n\n\n\n<p>El pr\u00f2xim <strong>26 de setembre<\/strong>, Girona es convertir\u00e0 en el punt de trobada per als professionals del c\u00e0mping amb la celebraci\u00f3 de la 6a edici\u00f3 del Girocamping PRO. Aquest esdeveniment, organitzat per l&#8217;Associaci\u00f3 de C\u00e0mpings de Girona, tindr\u00e0 lloc al <strong>Centre C\u00edvic de Sant Pere Pescador<\/strong> i reunir\u00e0 experts del sector per explorar el passat, present i futur del c\u00e0mping.&nbsp;<\/p>\n\n\n\n<p><strong>Programa i Pon\u00e8ncies Destacades<\/strong>&nbsp;<\/p>\n\n\n\n<p>El congr\u00e9s comen\u00e7ar\u00e0 a les 9.30h amb les acreditacions, seguit de la inauguraci\u00f3 oficial a les 10.00h. Una de les sessions m\u00e9s esperades \u00e9s la presentaci\u00f3 de l&#8217;estudi &#8220;<strong>El c\u00e0mping: hist\u00f2ria dels c\u00e0mpings a Catalunya<\/strong>&#8220;, a c\u00e0rrec de la Dra. Dolors Vidal i el Dr. Llu\u00eds Coromina de la Universitat de Girona, que oferiran una an\u00e0lisi exhaustiva de l&#8217;evoluci\u00f3 d&#8217;aquest sector a la regi\u00f3. A continuaci\u00f3, es realitzar\u00e0 una sessi\u00f3 de networking i un coffee break.&nbsp;<\/p>\n\n\n\n<p>Un altre moment clau ser\u00e0 la taula rodona titulada &#8220;<strong>Green Holidays: m\u00e9s enll\u00e0 de les certificacions sostenibles<\/strong>&#8220;, moderada per BiM Consultors, on s&#8217;exploraran estrat\u00e8gies per integrar la sostenibilitat en l&#8217;experi\u00e8ncia dels c\u00e0mpings. A les 13.15h, la pon\u00e8ncia &#8220;<strong>SMART CAMP: una realitat<\/strong>&#8221; posar\u00e0 l&#8217;accent en les noves tecnologies com la intel\u00b7lig\u00e8ncia artificial i l&#8217;Internet de les Coses (IoT) aplicades al sector.&nbsp;<\/p>\n\n\n\n<p><strong>Networking i Celebraci\u00f3 Final<\/strong>&nbsp;<\/p>\n\n\n\n<p>El congr\u00e9s tamb\u00e9 oferir\u00e0 espais per al networking, culminant amb &#8220;<strong>La Nit dels C\u00e0mpings Gironins<\/strong>&#8220;, una celebraci\u00f3 especial que tindr\u00e0 lloc al Camping &amp; Bungalow Resort &amp; Spa La Ballena Alegre. Aquesta vetllada, que inclour\u00e0 un sopar i l&#8217;entrega de premis, servir\u00e0 per recon\u00e8ixer els \u00e8xits del sector i fomentar la connexi\u00f3 entre els professionals assistents.&nbsp;<\/p>\n\n\n\n<p><strong>Patrocinadors i Suport Empresarial<\/strong>&nbsp;<\/p>\n\n\n\n<p>El Girocamping PRO 2024 compta amb el suport de destacades empreses patrocinadores com <strong>Servicios Tur\u00edsticos Heinze Latzke, Llagosnet, Alucasa, i Staff Grup<\/strong>. Aquestes companyies, l\u00edders en els seus respectius camps, aporten un gran valor al congr\u00e9s des de l\u2019experi\u00e8ncia i la innovaci\u00f3.&nbsp;<\/p>\n\n\n\n<p><strong>Inscripcions Obertes<\/strong>&nbsp;<\/p>\n\n\n\n<p>Estem en els <strong>\u00faltims dies de les inscripcions per al congr\u00e9s<\/strong>. Per aix\u00f2 us recomanem reservar la vostra pla\u00e7a al m\u00e9s aviat possible. L&#8217;esdeveniment \u00e9s exclusiu per a professionals del sector tur\u00edstic, incloent allotjaments tur\u00edstics, empreses i administracions p\u00fabliques. La participaci\u00f3 d&#8217;empreses prove\u00efdores est\u00e0 limitada a aquelles amb espai de networking.&nbsp;<\/p>\n\n\n\n<p>Per a m\u00e9s informaci\u00f3 i inscripcions, podeu visitar el lloc <strong>web oficial<\/strong> del <a href=\"https:\/\/acg.campingsingirona.com\/ca\/girocamping-pro\/\">Girocamping PRO 2024<\/a>. No deixis escapar aquesta oportunitat \u00fanica de connectar, aprendre i cr\u00e9ixer dins del sector del c\u00e0mping.\u00a0<\/p>\n\n\n\n<p><strong>Ens veiem al Girocamping PRO 2024!<\/strong>&nbsp;<\/p>\n","protected":false},"excerpt":{"rendered":"<p>El pr\u00f2xim 26 de setembre, Girona es convertir\u00e0 en el punt de trobada per als professionals del c\u00e0mping amb la celebraci\u00f3 de la 6a edici\u00f3 del Girocamping PRO. Aquest esdeveniment, organitzat per l&#8217;Associaci\u00f3 de C\u00e0mpings de Girona, tindr\u00e0 lloc al Centre C\u00edvic de Sant Pere Pescador i reunir\u00e0 experts del sector per explorar el passat, [&hellip;]<\/p>\n","protected":false},"author":1,"featured_media":109906,"comment_status":"closed","ping_status":"closed","sticky":false,"template":"","format":"standard","meta":{"_acf_changed":false,"footnotes":""},"categories":[1],"tags":[],"class_list":["post-109905","post","type-post","status-publish","format-standard","has-post-thumbnail","hentry","category-sense-categoria"],"acf":[],"_links":{"self":[{"href":"https:\/\/acg.campingsingirona.com\/ca\/wp-json\/wp\/v2\/posts\/109905","targetHints":{"allow":["GET"]}}],"collection":[{"href":"https:\/\/acg.campingsingirona.com\/ca\/wp-json\/wp\/v2\/posts"}],"about":[{"href":"https:\/\/acg.campingsingirona.com\/ca\/wp-json\/wp\/v2\/types\/post"}],"author":[{"embeddable":true,"href":"https:\/\/acg.campingsingirona.com\/ca\/wp-json\/wp\/v2\/users\/1"}],"replies":[{"embeddable":true,"href":"https:\/\/acg.campingsingirona.com\/ca\/wp-json\/wp\/v2\/comments?post=109905"}],"version-history":[{"count":2,"href":"https:\/\/acg.campingsingirona.com\/ca\/wp-json\/wp\/v2\/posts\/109905\/revisions"}],"predecessor-version":[{"id":109915,"href":"https:\/\/acg.campingsingirona.com\/ca\/wp-json\/wp\/v2\/posts\/109905\/revisions\/109915"}],"wp:featuredmedia":[{"embeddable":true,"href":"https:\/\/acg.campingsingirona.com\/ca\/wp-json\/wp\/v2\/media\/109906"}],"wp:attachment":[{"href":"https:\/\/acg.campingsingirona.com\/ca\/wp-json\/wp\/v2\/media?parent=109905"}],"wp:term":[{"taxonomy":"category","embeddable":true,"href":"https:\/\/acg.campingsingirona.com\/ca\/wp-json\/wp\/v2\/categories?post=109905"},{"taxonomy":"post_tag","embeddable":true,"href":"https:\/\/acg.campingsingirona.com\/ca\/wp-json\/wp\/v2\/tags?post=109905"}],"curies":[{"name":"wp","href":"https:\/\/api.w.org\/{rel}","templated":true}]}}