{"id":107256,"date":"2024-04-29T09:10:18","date_gmt":"2024-04-29T09:10:18","guid":{"rendered":"https:\/\/acg.campingsingirona.com\/?p=107256"},"modified":"2024-05-03T09:17:02","modified_gmt":"2024-05-03T09:17:02","slug":"impulsant-el-turisme-camping-exit-del-primer-congres-de-campings-de-catalunya","status":"publish","type":"post","link":"https:\/\/acg.campingsingirona.com\/ca\/impulsant-el-turisme-camping-exit-del-primer-congres-de-campings-de-catalunya\/","title":{"rendered":"Impulsant el turisme c\u00e0mping: \u00c8xit\u00a0del Primer Congr\u00e9s de C\u00e0mpings de Catalunya"},"content":{"rendered":"<div class=\"wp-block-image\">\n<figure class=\"aligncenter size-full\"><img loading=\"lazy\" decoding=\"async\" width=\"451\" height=\"301\" src=\"https:\/\/acg.campingsingirona.com\/wp-content\/uploads\/2024\/05\/Congres-Campings.jpg\" alt=\"\" class=\"wp-image-107264\"\/><\/figure><\/div>\n\n\n<p>La Federaci\u00f3 Catalana de C\u00e0mpings ha organitzat amb \u00e8xit el primer Congr\u00e9s de C\u00e0mpings de Catalunya, celebrat els dies <strong>25 i 26 d\u2019abril de 2024 al C\u00e0mping Vilanova Park,<\/strong> de Vilanova i la Geltr\u00fa. Aquest esdeveniment, que hem tingut el plaer d&#8217;assistir com a representants de l&#8217;Associaci\u00f3 de C\u00e0mpings de Girona, ha reunit els agents clau del sector amb l\u2019objectiu de <strong>consolidar Catalunya com a dest\u00ed de refer\u00e8ncia en el turisme c\u00e0mping.<\/strong><\/p>\n\n\n\n<p>Durant el congr\u00e9s, s&#8217;han abordat <strong>temes d\u2019actualitat<\/strong>, presentant nous productes i serveis, a m\u00e9s d&#8217;oportunitats de <strong>networking<\/strong>. L&#8217;assist\u00e8ncia, restringida als agents tur\u00edstics com allotjaments i empreses, ha enriquit les discussions sobre el <strong>canvi clim\u00e0tic<\/strong>, la <strong>sostenibilitat<\/strong> i la <strong>digitalitzaci\u00f3<\/strong>, destacant els <strong>reptes i oportunitats<\/strong> per al c\u00e0mping tant a nivell catal\u00e0 com europeu. Amb tres-centes persones inscrites, el congr\u00e9s ha comptat amb una <strong>\u00e0mplia participaci\u00f3<\/strong>, incloent l\u00ed<strong>ders d\u2019opini\u00f3 europeus i representants de diverses federacions de c\u00e0mping<\/strong>. A m\u00e9s, volem fer esment especial a les vint <strong>empreses expositores<\/strong>, sis <strong>entitats<\/strong> i empreses col\u00b7laboradores (CaixaBank o Coca-Cola), vint-i-sis <strong>experts<\/strong> participants a les pon\u00e8ncies i taules rodones, cinc <strong>autoritats<\/strong> vinculades al sector tur\u00edstic catal\u00e0, vint-i-nou <strong>representants institucionals<\/strong> del sector tur\u00edstic catal\u00e0 i sis <strong>representants de diverses escoles<\/strong>, instituts i universitats de Catalunya que han contribu\u00eft a l\u2019\u00e8xit d&#8217;aquest esdeveniment. Agra\u00efm a tots els participants, col\u00b7laboradors i al C\u00e0mping Vilanova Park per fer possible aquest congr\u00e9s. Estem ja amb ganes de retrobar-nos en el pr\u00f2xim el 2026!<\/p>\n","protected":false},"excerpt":{"rendered":"<p>La Federaci\u00f3 Catalana de C\u00e0mpings ha organitzat amb \u00e8xit el primer Congr\u00e9s de C\u00e0mpings de Catalunya, celebrat els dies 25 i 26 d\u2019abril de 2024 al C\u00e0mping Vilanova Park, de Vilanova i la Geltr\u00fa. Aquest esdeveniment, que hem tingut el plaer d&#8217;assistir com a representants de l&#8217;Associaci\u00f3 de C\u00e0mpings de Girona, ha reunit els agents [&hellip;]<\/p>\n","protected":false},"author":1,"featured_media":107264,"comment_status":"open","ping_status":"open","sticky":false,"template":"","format":"standard","meta":{"_acf_changed":false,"footnotes":""},"categories":[640],"tags":[],"class_list":["post-107256","post","type-post","status-publish","format-standard","has-post-thumbnail","hentry","category-butlleti-mensual"],"acf":[],"_links":{"self":[{"href":"https:\/\/acg.campingsingirona.com\/ca\/wp-json\/wp\/v2\/posts\/107256","targetHints":{"allow":["GET"]}}],"collection":[{"href":"https:\/\/acg.campingsingirona.com\/ca\/wp-json\/wp\/v2\/posts"}],"about":[{"href":"https:\/\/acg.campingsingirona.com\/ca\/wp-json\/wp\/v2\/types\/post"}],"author":[{"embeddable":true,"href":"https:\/\/acg.campingsingirona.com\/ca\/wp-json\/wp\/v2\/users\/1"}],"replies":[{"embeddable":true,"href":"https:\/\/acg.campingsingirona.com\/ca\/wp-json\/wp\/v2\/comments?post=107256"}],"version-history":[{"count":1,"href":"https:\/\/acg.campingsingirona.com\/ca\/wp-json\/wp\/v2\/posts\/107256\/revisions"}],"predecessor-version":[{"id":107270,"href":"https:\/\/acg.campingsingirona.com\/ca\/wp-json\/wp\/v2\/posts\/107256\/revisions\/107270"}],"wp:featuredmedia":[{"embeddable":true,"href":"https:\/\/acg.campingsingirona.com\/ca\/wp-json\/wp\/v2\/media\/107264"}],"wp:attachment":[{"href":"https:\/\/acg.campingsingirona.com\/ca\/wp-json\/wp\/v2\/media?parent=107256"}],"wp:term":[{"taxonomy":"category","embeddable":true,"href":"https:\/\/acg.campingsingirona.com\/ca\/wp-json\/wp\/v2\/categories?post=107256"},{"taxonomy":"post_tag","embeddable":true,"href":"https:\/\/acg.campingsingirona.com\/ca\/wp-json\/wp\/v2\/tags?post=107256"}],"curies":[{"name":"wp","href":"https:\/\/api.w.org\/{rel}","templated":true}]}}