{"id":106895,"date":"2024-03-23T07:56:08","date_gmt":"2024-03-23T07:56:08","guid":{"rendered":"https:\/\/acg.campingsingirona.com\/?p=106895"},"modified":"2024-04-02T07:59:32","modified_gmt":"2024-04-02T07:59:32","slug":"construim-el-pla-de-futur-de-la-nostra-destinacio-jornada-agencia-catalana-de-turisme","status":"publish","type":"post","link":"https:\/\/acg.campingsingirona.com\/ca\/construim-el-pla-de-futur-de-la-nostra-destinacio-jornada-agencia-catalana-de-turisme\/","title":{"rendered":"Constru\u00efm el pla de futur de la nostra destinaci\u00f3 &#8211; Jornada Ag\u00e8ncia Catalana de Turisme"},"content":{"rendered":"\n<figure class=\"wp-block-image size-large\"><img loading=\"lazy\" decoding=\"async\" width=\"1024\" height=\"769\" src=\"https:\/\/acg.campingsingirona.com\/wp-content\/uploads\/2024\/04\/Captura-de-pantalla-2024-04-02-a-las-9.56.45-1024x769.png\" alt=\"\" class=\"wp-image-106896\" srcset=\"https:\/\/acg.campingsingirona.com\/wp-content\/uploads\/2024\/04\/Captura-de-pantalla-2024-04-02-a-las-9.56.45-1024x769.png 1024w, https:\/\/acg.campingsingirona.com\/wp-content\/uploads\/2024\/04\/Captura-de-pantalla-2024-04-02-a-las-9.56.45-768x577.png 768w, https:\/\/acg.campingsingirona.com\/wp-content\/uploads\/2024\/04\/Captura-de-pantalla-2024-04-02-a-las-9.56.45-1536x1153.png 1536w, https:\/\/acg.campingsingirona.com\/wp-content\/uploads\/2024\/04\/Captura-de-pantalla-2024-04-02-a-las-9.56.45.png 1670w\" sizes=\"auto, (max-width: 1024px) 100vw, 1024px\" \/><\/figure>\n\n\n\n<p>El darrer 21 de mar\u00e7 l\u2019ACG va participar a la jornada \u201cConstru\u00efm el pla de futur de la nostra destinaci\u00f3\u201d organitzada per l\u2019Ag\u00e8ncia Catalana de Turisme. L\u2019acte va tenir lloc a l\u2019Auditori AXA de Barcelona i va ser una sessi\u00f3 participativa orientada a escoltar el sector per l&#8217;elaboraci\u00f3 del nou pla de m\u00e0rqueting de Catalunya 2024-2027 amb el suport de diversos experts i especialistes en economia, creaci\u00f3 de marca i m\u00e0rqueting que van protagonitzar la jornada.&nbsp;<\/p>\n\n\n\n<p>La din\u00e0mica va ser molt interessant i necess\u00e0ria per tenir en compte els diferents segments tur\u00edstics i replantejar la promoci\u00f3 tur\u00edstica del turisme catal\u00e0, la marca Catalunya i tots els que la conformem.&nbsp;<\/p>\n\n\n\n<p>Podeu reprendre les intervencions i continguts a la seg\u00fcent p\u00e0gina <a href=\"https:\/\/act.gencat.cat\/esdeveniments\/construim-el-pla-de-futur-de-la-nostra-destinacio\/\" target=\"_blank\" rel=\"noopener\">web.<\/a><\/p>\n","protected":false},"excerpt":{"rendered":"<p>El darrer 21 de mar\u00e7 l\u2019ACG va participar a la jornada \u201cConstru\u00efm el pla de futur de la nostra destinaci\u00f3\u201d organitzada per l\u2019Ag\u00e8ncia Catalana de Turisme. L\u2019acte va tenir lloc a l\u2019Auditori AXA de Barcelona i va ser una sessi\u00f3 participativa orientada a escoltar el sector per l&#8217;elaboraci\u00f3 del nou pla de m\u00e0rqueting de Catalunya [&hellip;]<\/p>\n","protected":false},"author":1,"featured_media":106896,"comment_status":"open","ping_status":"open","sticky":false,"template":"","format":"standard","meta":{"_acf_changed":false,"footnotes":""},"categories":[1],"tags":[],"class_list":["post-106895","post","type-post","status-publish","format-standard","has-post-thumbnail","hentry","category-sense-categoria"],"acf":[],"_links":{"self":[{"href":"https:\/\/acg.campingsingirona.com\/ca\/wp-json\/wp\/v2\/posts\/106895","targetHints":{"allow":["GET"]}}],"collection":[{"href":"https:\/\/acg.campingsingirona.com\/ca\/wp-json\/wp\/v2\/posts"}],"about":[{"href":"https:\/\/acg.campingsingirona.com\/ca\/wp-json\/wp\/v2\/types\/post"}],"author":[{"embeddable":true,"href":"https:\/\/acg.campingsingirona.com\/ca\/wp-json\/wp\/v2\/users\/1"}],"replies":[{"embeddable":true,"href":"https:\/\/acg.campingsingirona.com\/ca\/wp-json\/wp\/v2\/comments?post=106895"}],"version-history":[{"count":2,"href":"https:\/\/acg.campingsingirona.com\/ca\/wp-json\/wp\/v2\/posts\/106895\/revisions"}],"predecessor-version":[{"id":106904,"href":"https:\/\/acg.campingsingirona.com\/ca\/wp-json\/wp\/v2\/posts\/106895\/revisions\/106904"}],"wp:featuredmedia":[{"embeddable":true,"href":"https:\/\/acg.campingsingirona.com\/ca\/wp-json\/wp\/v2\/media\/106896"}],"wp:attachment":[{"href":"https:\/\/acg.campingsingirona.com\/ca\/wp-json\/wp\/v2\/media?parent=106895"}],"wp:term":[{"taxonomy":"category","embeddable":true,"href":"https:\/\/acg.campingsingirona.com\/ca\/wp-json\/wp\/v2\/categories?post=106895"},{"taxonomy":"post_tag","embeddable":true,"href":"https:\/\/acg.campingsingirona.com\/ca\/wp-json\/wp\/v2\/tags?post=106895"}],"curies":[{"name":"wp","href":"https:\/\/api.w.org\/{rel}","templated":true}]}}