{"id":106873,"date":"2024-03-29T07:40:35","date_gmt":"2024-03-29T07:40:35","guid":{"rendered":"https:\/\/acg.campingsingirona.com\/?p=106873"},"modified":"2024-04-02T07:48:00","modified_gmt":"2024-04-02T07:48:00","slug":"ocupacio-creixent-als-campings-de-girona-per-a-setmana-santa","status":"publish","type":"post","link":"https:\/\/acg.campingsingirona.com\/ca\/ocupacio-creixent-als-campings-de-girona-per-a-setmana-santa\/","title":{"rendered":"Ocupaci\u00f3 creixent als C\u00e0mpings de Girona per a Setmana Santa\u00a0"},"content":{"rendered":"\n<figure class=\"wp-block-image size-large\"><img loading=\"lazy\" decoding=\"async\" width=\"1024\" height=\"683\" src=\"https:\/\/acg.campingsingirona.com\/wp-content\/uploads\/2024\/04\/Captura-de-pantalla-2024-04-02-a-las-9.41.47-1024x683.png\" alt=\"\" class=\"wp-image-106874\" srcset=\"https:\/\/acg.campingsingirona.com\/wp-content\/uploads\/2024\/04\/Captura-de-pantalla-2024-04-02-a-las-9.41.47-1024x683.png 1024w, https:\/\/acg.campingsingirona.com\/wp-content\/uploads\/2024\/04\/Captura-de-pantalla-2024-04-02-a-las-9.41.47-768x512.png 768w, https:\/\/acg.campingsingirona.com\/wp-content\/uploads\/2024\/04\/Captura-de-pantalla-2024-04-02-a-las-9.41.47.png 1260w\" sizes=\"auto, (max-width: 1024px) 100vw, 1024px\" \/><\/figure>\n\n\n\n<p>Les reserves als c\u00e0mpings de les comarques gironines per Setmana Santa avancen amb \u00e8xit, anticipant <strong>ocupacions d\u2019entre el 80 i el 90%<\/strong>. El president de l\u2019Associaci\u00f3 de C\u00e0mpings de Girona, Miquel Gotanegra, destaca que <strong>cal esperar fins a finals d\u2019abril per una valoraci\u00f3 completa<\/strong>, ja que els clients internacionals arriben de manera esglaonada. Tot i aix\u00f2, durant els dies festius, les instal\u00b7lacions s\u2019omplen principalment amb <strong>turisme catal\u00e0 i espanyol<\/strong>, preveient una <strong>ocupaci\u00f3 excel\u00b7lent <\/strong>durant tota la setmana.&nbsp;<\/p>\n\n\n\n<p>L\u2019Associaci\u00f3 ressalta que anar de c\u00e0mping \u00e9s una opci\u00f3 \u00f2ptima per a les vacances, amb instal\u00b7lacions a l\u2019aire lliure i un fort contacte amb la natura, destacant tamb\u00e9 el <strong>comprom\u00eds<\/strong> del sector amb la <strong>sostenibilitat<\/strong> i el <strong>medi ambient<\/strong>.&nbsp;<\/p>\n\n\n\n<p>Pel per\u00edode de Setmana Santa, 48 c\u00e0mpings dels 75 que integren l\u2019Associaci\u00f3 estan oberts, representant el <strong>64% de l\u2019oferta<\/strong>. Aquesta tend\u00e8ncia d&#8217;allargar la temporada, incloent alguns c\u00e0mpings oberts tot l&#8217;any, reflecteix una iniciativa positiva per fidelitzar equips de professionals i augmentar la clientela.&nbsp;<\/p>\n","protected":false},"excerpt":{"rendered":"<p>Les reserves als c\u00e0mpings de les comarques gironines per Setmana Santa avancen amb \u00e8xit, anticipant ocupacions d\u2019entre el 80 i el 90%. El president de l\u2019Associaci\u00f3 de C\u00e0mpings de Girona, Miquel Gotanegra, destaca que cal esperar fins a finals d\u2019abril per una valoraci\u00f3 completa, ja que els clients internacionals arriben de manera esglaonada. Tot i [&hellip;]<\/p>\n","protected":false},"author":1,"featured_media":106874,"comment_status":"open","ping_status":"open","sticky":false,"template":"","format":"standard","meta":{"_acf_changed":false,"footnotes":""},"categories":[1],"tags":[],"class_list":["post-106873","post","type-post","status-publish","format-standard","has-post-thumbnail","hentry","category-sense-categoria"],"acf":[],"_links":{"self":[{"href":"https:\/\/acg.campingsingirona.com\/ca\/wp-json\/wp\/v2\/posts\/106873","targetHints":{"allow":["GET"]}}],"collection":[{"href":"https:\/\/acg.campingsingirona.com\/ca\/wp-json\/wp\/v2\/posts"}],"about":[{"href":"https:\/\/acg.campingsingirona.com\/ca\/wp-json\/wp\/v2\/types\/post"}],"author":[{"embeddable":true,"href":"https:\/\/acg.campingsingirona.com\/ca\/wp-json\/wp\/v2\/users\/1"}],"replies":[{"embeddable":true,"href":"https:\/\/acg.campingsingirona.com\/ca\/wp-json\/wp\/v2\/comments?post=106873"}],"version-history":[{"count":2,"href":"https:\/\/acg.campingsingirona.com\/ca\/wp-json\/wp\/v2\/posts\/106873\/revisions"}],"predecessor-version":[{"id":106883,"href":"https:\/\/acg.campingsingirona.com\/ca\/wp-json\/wp\/v2\/posts\/106873\/revisions\/106883"}],"wp:featuredmedia":[{"embeddable":true,"href":"https:\/\/acg.campingsingirona.com\/ca\/wp-json\/wp\/v2\/media\/106874"}],"wp:attachment":[{"href":"https:\/\/acg.campingsingirona.com\/ca\/wp-json\/wp\/v2\/media?parent=106873"}],"wp:term":[{"taxonomy":"category","embeddable":true,"href":"https:\/\/acg.campingsingirona.com\/ca\/wp-json\/wp\/v2\/categories?post=106873"},{"taxonomy":"post_tag","embeddable":true,"href":"https:\/\/acg.campingsingirona.com\/ca\/wp-json\/wp\/v2\/tags?post=106873"}],"curies":[{"name":"wp","href":"https:\/\/api.w.org\/{rel}","templated":true}]}}