{"id":105377,"date":"2023-12-24T18:44:55","date_gmt":"2023-12-24T18:44:55","guid":{"rendered":"https:\/\/acg.campingsingirona.com\/?p=105377"},"modified":"2023-12-27T18:47:11","modified_gmt":"2023-12-27T18:47:11","slug":"lassociacio-de-campings-de-girona-us-desitja-bon-nadal","status":"publish","type":"post","link":"https:\/\/acg.campingsingirona.com\/ca\/lassociacio-de-campings-de-girona-us-desitja-bon-nadal\/","title":{"rendered":"L\u2019Associaci\u00f3 de C\u00e0mpings de Girona us desitja Bon Nadal!\u00a0"},"content":{"rendered":"\n<figure class=\"wp-block-image size-full\"><img loading=\"lazy\" decoding=\"async\" width=\"886\" height=\"591\" src=\"https:\/\/acg.campingsingirona.com\/wp-content\/uploads\/2023\/12\/Nadala-ACG.jpg\" alt=\"\" class=\"wp-image-105378\" srcset=\"https:\/\/acg.campingsingirona.com\/wp-content\/uploads\/2023\/12\/Nadala-ACG.jpg 886w, https:\/\/acg.campingsingirona.com\/wp-content\/uploads\/2023\/12\/Nadala-ACG-768x512.jpg 768w\" sizes=\"auto, (max-width: 886px) 100vw, 886px\" \/><\/figure>\n\n\n\n<p>Amb l&#8217;esperit nadalenc que ens envolta, volem enviar-vos una gran dosi de somriures i bona energia a tots els que esteu fent que aix\u00f2 sigui una etapa que no oblidarem!&nbsp;<br>&nbsp;<br>Que les vostres festes de Nadal estiguin plenes de moments \u00e8pics i aventures tan genials com els c\u00e0mpings que representem. Agra\u00efm de tot cor la vostra dedicaci\u00f3 i esperem que l&#8217;any vinent vingui carregat de noves oportunitats i experi\u00e8ncies que perdurin en la mem\u00f2ria.&nbsp;&nbsp;<\/p>\n\n\n\n<p>\u00a0Bon Nadal i un Any Nou ple de rialles i \u00e8xits!\u00a0<br>\u00a0<br>Amb tot el cor,\u00a0<br>\u00a0<br>L&#8217;Associaci\u00f3 de C\u00e0mpings de Girona\u00a0<\/p>\n","protected":false},"excerpt":{"rendered":"<p>Amb l&#8217;esperit nadalenc que ens envolta, volem enviar-vos una gran dosi de somriures i bona energia a tots els que esteu fent que aix\u00f2 sigui una etapa que no oblidarem!&nbsp;&nbsp;Que les vostres festes de Nadal estiguin plenes de moments \u00e8pics i aventures tan genials com els c\u00e0mpings que representem. Agra\u00efm de tot cor la vostra [&hellip;]<\/p>\n","protected":false},"author":1,"featured_media":105378,"comment_status":"open","ping_status":"open","sticky":false,"template":"","format":"standard","meta":{"_acf_changed":false,"footnotes":""},"categories":[1],"tags":[],"class_list":["post-105377","post","type-post","status-publish","format-standard","has-post-thumbnail","hentry","category-sense-categoria"],"acf":[],"_links":{"self":[{"href":"https:\/\/acg.campingsingirona.com\/ca\/wp-json\/wp\/v2\/posts\/105377","targetHints":{"allow":["GET"]}}],"collection":[{"href":"https:\/\/acg.campingsingirona.com\/ca\/wp-json\/wp\/v2\/posts"}],"about":[{"href":"https:\/\/acg.campingsingirona.com\/ca\/wp-json\/wp\/v2\/types\/post"}],"author":[{"embeddable":true,"href":"https:\/\/acg.campingsingirona.com\/ca\/wp-json\/wp\/v2\/users\/1"}],"replies":[{"embeddable":true,"href":"https:\/\/acg.campingsingirona.com\/ca\/wp-json\/wp\/v2\/comments?post=105377"}],"version-history":[{"count":1,"href":"https:\/\/acg.campingsingirona.com\/ca\/wp-json\/wp\/v2\/posts\/105377\/revisions"}],"predecessor-version":[{"id":105384,"href":"https:\/\/acg.campingsingirona.com\/ca\/wp-json\/wp\/v2\/posts\/105377\/revisions\/105384"}],"wp:featuredmedia":[{"embeddable":true,"href":"https:\/\/acg.campingsingirona.com\/ca\/wp-json\/wp\/v2\/media\/105378"}],"wp:attachment":[{"href":"https:\/\/acg.campingsingirona.com\/ca\/wp-json\/wp\/v2\/media?parent=105377"}],"wp:term":[{"taxonomy":"category","embeddable":true,"href":"https:\/\/acg.campingsingirona.com\/ca\/wp-json\/wp\/v2\/categories?post=105377"},{"taxonomy":"post_tag","embeddable":true,"href":"https:\/\/acg.campingsingirona.com\/ca\/wp-json\/wp\/v2\/tags?post=105377"}],"curies":[{"name":"wp","href":"https:\/\/api.w.org\/{rel}","templated":true}]}}