{"id":105058,"date":"2023-12-04T09:22:42","date_gmt":"2023-12-04T09:22:42","guid":{"rendered":"https:\/\/acg.campingsingirona.com\/105048\/"},"modified":"2023-12-04T11:15:34","modified_gmt":"2023-12-04T11:15:34","slug":"els-campings-gironins-treballen-per-millorar-la-gestio-de-laigua-i-buscar-solucions-alternatives-per-afrontar-episodis-de-sequera","status":"publish","type":"post","link":"https:\/\/acg.campingsingirona.com\/ca\/els-campings-gironins-treballen-per-millorar-la-gestio-de-laigua-i-buscar-solucions-alternatives-per-afrontar-episodis-de-sequera\/","title":{"rendered":"Els c\u00e0mpings gironins treballen per millorar la gesti\u00f3 de l\u2019aigua i buscar solucions alternatives per afrontar episodis de sequera"},"content":{"rendered":"\n<p>Els c\u00e0mpings gironins estan treballant amb la mirada posada en la propera temporada tur\u00edstica per seguir reduint el consum de l\u2019aigua als establiments i buscar solucions alternatives que els permetin afrontar episodis de sequera. L\u2019Associaci\u00f3 de C\u00e0mpings de Girona (ACG) ha organitzat al Club N\u00e0utic l\u2019Estartit una jornada sobre l\u2019\u00fas de l\u2019aigua en un context de sequera que ha servit per donar pautes als establiments per millora la gesti\u00f3 dels recursos h\u00eddrics.<\/p>\n\n\n\n<p>A la jornada ha participat el Cap del Servei d\u2019Abastament i Regeneraci\u00f3 del Consorci d\u2019Aig\u00fces Costa Brava- Girona, Llu\u00eds Sala, que ha parlat de la necessitat de fer captacions d\u2019aigua alternatives davant la possibilitat que segueixi sense ploure de forma suficient els propers mesos. Tamb\u00e9 s\u2019ha comptat amb el secretari de la Comunitat d\u2019Usuaris d\u2019Aigua del Baix Ter, Francesc Camps, que ha apostat perqu\u00e8 l\u2019aigua passi a ser una prioritat al pa\u00eds i tamb\u00e9 per cada una de les activitats econ\u00f2miques que la necessiten.<\/p>\n\n\n\n<p>A m\u00e9s, durant la trobada &nbsp;s\u2019han exposat casos de bones pr\u00e0ctiques en la gesti\u00f3 de l\u2019aigua per part d\u2019empreses i entitats com Rain Bird Ib\u00e9rica, Massachs Obres i Paisatge, el Club N\u00e0utic Estartit, el c\u00e0mping les Medes i el GALP Costa Brava que han explicat les iniciatives i mesures que estan duen a terme per fomentar l\u2019estalvi de l\u2019aigua, reduir els consums i conscienciar a treballadors i clients perqu\u00e8 en facin un \u00fas racional. En aquest sentit s\u2019ha parlat de solucions que permeten emmagatzemar l\u2019aigua temporalment i filtrar-la a l\u2019aq\u00fc\u00edfer, de l\u2019elaboraci\u00f3 d\u2019un dec\u00e0leg amb un seguit de recomanacions a tenir en compte quan es fa servir l\u2019aigua, de sectoritzaci\u00f3 i an\u00e0lisi diari de dades dels comptadors d\u2019aigua i de sistemes de reg eficients.<\/p>\n\n\n\n<p>D\u2019altra banda, durant la jornada s\u2019ha fet un reconeixement per la tasca portada a terme a l\u2019Associaci\u00f3 als empresaris Fidel Arom\u00ed i Anna Ban\u00fas per tots els anys de dedicaci\u00f3 al sector.<\/p>\n","protected":false},"excerpt":{"rendered":"<p>Els c\u00e0mpings gironins estan treballant amb la mirada posada en la propera temporada tur\u00edstica per seguir reduint el consum de l\u2019aigua als establiments i buscar solucions alternatives que els permetin afrontar episodis de sequera. L\u2019Associaci\u00f3 de C\u00e0mpings de Girona (ACG) ha organitzat al Club N\u00e0utic l\u2019Estartit una jornada sobre l\u2019\u00fas de l\u2019aigua en un context [&hellip;]<\/p>\n","protected":false},"author":12,"featured_media":105051,"comment_status":"open","ping_status":"open","sticky":false,"template":"","format":"standard","meta":{"_acf_changed":false,"footnotes":""},"categories":[639,1],"tags":[],"class_list":["post-105058","post","type-post","status-publish","format-standard","has-post-thumbnail","hentry","category-noticies","category-sense-categoria"],"acf":[],"_links":{"self":[{"href":"https:\/\/acg.campingsingirona.com\/ca\/wp-json\/wp\/v2\/posts\/105058","targetHints":{"allow":["GET"]}}],"collection":[{"href":"https:\/\/acg.campingsingirona.com\/ca\/wp-json\/wp\/v2\/posts"}],"about":[{"href":"https:\/\/acg.campingsingirona.com\/ca\/wp-json\/wp\/v2\/types\/post"}],"author":[{"embeddable":true,"href":"https:\/\/acg.campingsingirona.com\/ca\/wp-json\/wp\/v2\/users\/12"}],"replies":[{"embeddable":true,"href":"https:\/\/acg.campingsingirona.com\/ca\/wp-json\/wp\/v2\/comments?post=105058"}],"version-history":[{"count":1,"href":"https:\/\/acg.campingsingirona.com\/ca\/wp-json\/wp\/v2\/posts\/105058\/revisions"}],"predecessor-version":[{"id":105059,"href":"https:\/\/acg.campingsingirona.com\/ca\/wp-json\/wp\/v2\/posts\/105058\/revisions\/105059"}],"wp:featuredmedia":[{"embeddable":true,"href":"https:\/\/acg.campingsingirona.com\/ca\/wp-json\/wp\/v2\/media\/105051"}],"wp:attachment":[{"href":"https:\/\/acg.campingsingirona.com\/ca\/wp-json\/wp\/v2\/media?parent=105058"}],"wp:term":[{"taxonomy":"category","embeddable":true,"href":"https:\/\/acg.campingsingirona.com\/ca\/wp-json\/wp\/v2\/categories?post=105058"},{"taxonomy":"post_tag","embeddable":true,"href":"https:\/\/acg.campingsingirona.com\/ca\/wp-json\/wp\/v2\/tags?post=105058"}],"curies":[{"name":"wp","href":"https:\/\/api.w.org\/{rel}","templated":true}]}}