{"id":104283,"date":"2023-09-30T00:00:00","date_gmt":"2023-09-30T00:00:00","guid":{"rendered":"https:\/\/acg.campingsingirona.com\/els-campings-units-per-seguir-allargant-la-temporada-i-retenir-talent-per-a-les-empreses-del-sector\/"},"modified":"2023-09-30T00:00:00","modified_gmt":"2023-09-30T00:00:00","slug":"els-campings-units-per-seguir-allargant-la-temporada-i-retenir-talent-per-a-les-empreses-del-sector","status":"publish","type":"post","link":"https:\/\/acg.campingsingirona.com\/ca\/els-campings-units-per-seguir-allargant-la-temporada-i-retenir-talent-per-a-les-empreses-del-sector\/","title":{"rendered":"Els c\u00e0mpings, units per seguir allargant la temporada i retenir talent per a les empreses del sector"},"content":{"rendered":"\n<p>L\u2019esfor\u00e7 conjunt dels c\u00e0mpings gironins ha perm\u00e8s que la desestacionalitzaci\u00f3 ja sigui un fet, segons posen de manifest les dades d\u2019ocupaci\u00f3 dels establiments. El mes de maig l\u2019ocupaci\u00f3 es va incrementar un 18% en relaci\u00f3 al mateix per\u00edode del 2022 i aquest mes de setembre la demanda tamb\u00e9 ha anat a l\u2019al\u00e7a, sobretot en turisme s\u00e8nior franc\u00e8s i anglosax\u00f3. \u201cPodem parlar en conjunt d\u2019una bona temporada i aix\u00f2 \u00e9s gr\u00e0cies a la uni\u00f3 del sector. L\u2019\u00e8xit m\u00e9s important no \u00e9s l\u2019ocupaci\u00f3 en temporada alta, sin\u00f3 en la pre i post temporada. El fet que la temporada s\u2019allargui \u00e9s clau per poder captar i retenir talent als nostres establiments, un objectiu que des de fa molt de temps es vol assolir ja que permet una oferta amb treballadors m\u00e9s formats i uns serveis de millor qualitat\u201d, va destacar el president de l\u2019Associaci\u00f3 de C\u00e0mpings de Girona, durant la inauguraci\u00f3 del cinqu\u00e8 Girocamping PRO, que va reunir el 28 de setembre prop de 300 assistents, entre professionals i estudiants, al Teatre Municipal de Lloret de Mar. Gotanegra tamb\u00e9 va remarcar la import\u00e0ncia de la sostenibilitat en el sector i va recordar que \u201cfa m\u00e9s de 25 anys que es treballa seguint aquest cam\u00ed i aix\u00f2 fa que cada vegada l\u2019oferta de c\u00e0mpings sigui m\u00e9s sostenible i respectuosa amb l\u2019entorn\u201d. El president de l\u2019Associaci\u00f3 de C\u00e0mpings de Girona reclama m\u00e9s col\u00b7laboraci\u00f3 de les administracions per l\u2019adaptaci\u00f3 necess\u00e0ria al canvi clim\u00e0tic. \u201cNosaltres hi treballem i demanem m\u00e9s celeritat en les respostes i que tothom estigui alineat en un model d\u2019energia m\u00e9s sostenible\u201d. Gotanegra va recordar els pals a les rodes que tenen els c\u00e0mpings per connectar l\u2019energia sobrant obtinguda amb les plaques solars a la xarxa el\u00e8ctrica i la falta de resposta de les administracions en temes que preocupen al sector.&nbsp;<\/p>\n\n\n\n<p>El Congr\u00e9s, organitzat per l\u2019Associaci\u00f3 de C\u00e0mpings de Girona, est\u00e0 adre\u00e7at als professionals del m\u00f3n del c\u00e0mping i del turisme en general. La inauguraci\u00f3 va anar a c\u00e0rrec de l\u2019alcalde de Lloret, Adri\u00e0 Lamelas; i de la delegada del Govern de la Generalitat, Laia Ca\u00f1igueral, que van elogiar la tasca dels c\u00e0mpings, que s\u00f3n motor econ\u00f2mic del pa\u00eds. L\u2019alcalde de Lloret va destacar que \u201cper Lloret de Mar, principal destinaci\u00f3 tur\u00edstica de la Costa Brava, \u00e9s una satisfacci\u00f3 poder acollir aquest congr\u00e9s i posar en valor el dinamisme i la competitivitat del sector\u201d. La delegada del Govern va manifestar que \u201cel c\u00e0mping \u00e9s un sector de refer\u00e8ncia que ha apostat, des de fa molt de temps, per la innovaci\u00f3, la digitalitzaci\u00f3, la internacionalitzaci\u00f3 i tamb\u00e9 per invertir a fer establiments m\u00e9s sostenibles. L\u2019experi\u00e8ncia demostra que aquesta voluntat de renovaci\u00f3 i col\u00b7laboraci\u00f3 entre ells dona resultats positius i la prova s\u00f3n les bones xifres d\u2019estades que hi ha aquest any. La feina feta \u00e9s molta i des del Govern estarem al seu costat per fer-ne molta m\u00e9s\u201d.<\/p>\n\n\n\n<p>El congr\u00e9s ha comptatamb una trentena d\u2019empreses &nbsp;participants i s\u2019han dut a terme activitats de networking.<\/p>\n\n\n\n<p>A l\u2019acte es va fer refer\u00e8ncia a un estudi que s\u2019est\u00e0 fent sobre un recull hist\u00f2ric dels 70 anys de c\u00e0mping a Catalunya, a c\u00e0rrec de la doctora Dolors Vidal i del doctor Llu\u00eds Coromina, de la Universitat de Girona (UdG). Durant les primeres hores de la jornada es van dur a terme pon\u00e8ncies sobre q\u00fcestions de gran inter\u00e8s per al sector tur\u00edstic com s\u00f3n l\u2019encaix entre l\u2019oferta i la demanda de professionals, el talent com a valor diferencial de negoci i l\u2019ecocertificaci\u00f3 en establiments tur\u00edstics.<\/p>\n\n\n\n<p>La taula rodona<em> <strong>El match al sector tur\u00edstic: l\u2019encaix entre l\u2019oferta i la demanda de professionals <\/strong><\/em>va comptar amb la participaci\u00f3 del professor de la Facultat de Turisme de la UdG, el doctor Jos\u00e9 Antonio Donaire; Jaume Dulsat, Tourism &amp; Hospitaly Leader a Eurofirms Group; Marta Prat, responsable de qualitat i recursos humans del Grup S\u00e8nia; i la doctora Maria Abellanet, presidenta del CETT_UB i del CETT Fundaci\u00f3. Els ponents van coincidir en qu\u00e8 cal posar en valor el sector i donar-lo a con\u00e8ixer m\u00e9s entre els joves estudiants. Tamb\u00e9 van assenyalar la necessitat d\u2019apostar per la formaci\u00f3 regular al llarg de tota la vida laboral per tenir llocs de treball de qualitat i est\u00e0 molt atent a l\u2019evoluci\u00f3 del sector tur\u00edstic per anar adaptant-se als canvis que vindran.<\/p>\n\n\n\n<p>La pon\u00e8ncia sobre <strong>El talent com a valor diferencial de negoci<\/strong>, va anar a c\u00e0rrec de Javier de Diego, Corporate and Career Services Director del CETT. &nbsp;<\/p>\n\n\n\n<p>Una altra de les taules rodones destacades de la jornada va ser la de <strong>Parlem d\u2019ecocertificaci\u00f3 en establiments tur\u00edstics? Del nice to have al must be,<\/strong> organitzada juntament amb Llagosnet (patrocinador oficial de l\u2019Associaci\u00f3 de C\u00e0mpings de Girona) Hi ha intervingut Alessandro Gallo, coordinador de projectes a Green Key per Espanya; &nbsp;Noureddine Mekhfioui, adjunt a direcci\u00f3 al c\u00e0mping Cypsela-Grup Sandaya; Dolors Gibert, expert suport a Diversey; i Laura Casademont, sales &amp; account manager Internacional a PINCAMP d\u2019ADAC Camping.<\/p>\n","protected":false},"excerpt":{"rendered":"<p>L\u2019esfor\u00e7 conjunt dels c\u00e0mpings gironins ha perm\u00e8s que la desestacionalitzaci\u00f3 ja sigui un fet, segons posen de manifest les dades d\u2019ocupaci\u00f3 dels establiments. El mes de maig l\u2019ocupaci\u00f3 es va incrementar un 18% en relaci\u00f3 al mateix per\u00edode del 2022 i aquest mes de setembre la demanda tamb\u00e9 ha anat a l\u2019al\u00e7a, sobretot en turisme [&hellip;]<\/p>\n","protected":false},"author":1,"featured_media":104284,"comment_status":"closed","ping_status":"open","sticky":false,"template":"","format":"standard","meta":{"_acf_changed":false,"footnotes":""},"categories":[],"tags":[],"class_list":["post-104283","post","type-post","status-publish","format-standard","has-post-thumbnail","hentry"],"acf":[],"_links":{"self":[{"href":"https:\/\/acg.campingsingirona.com\/ca\/wp-json\/wp\/v2\/posts\/104283","targetHints":{"allow":["GET"]}}],"collection":[{"href":"https:\/\/acg.campingsingirona.com\/ca\/wp-json\/wp\/v2\/posts"}],"about":[{"href":"https:\/\/acg.campingsingirona.com\/ca\/wp-json\/wp\/v2\/types\/post"}],"author":[{"embeddable":true,"href":"https:\/\/acg.campingsingirona.com\/ca\/wp-json\/wp\/v2\/users\/1"}],"replies":[{"embeddable":true,"href":"https:\/\/acg.campingsingirona.com\/ca\/wp-json\/wp\/v2\/comments?post=104283"}],"version-history":[{"count":0,"href":"https:\/\/acg.campingsingirona.com\/ca\/wp-json\/wp\/v2\/posts\/104283\/revisions"}],"wp:featuredmedia":[{"embeddable":true,"href":"https:\/\/acg.campingsingirona.com\/ca\/wp-json\/wp\/v2\/media\/104284"}],"wp:attachment":[{"href":"https:\/\/acg.campingsingirona.com\/ca\/wp-json\/wp\/v2\/media?parent=104283"}],"wp:term":[{"taxonomy":"category","embeddable":true,"href":"https:\/\/acg.campingsingirona.com\/ca\/wp-json\/wp\/v2\/categories?post=104283"},{"taxonomy":"post_tag","embeddable":true,"href":"https:\/\/acg.campingsingirona.com\/ca\/wp-json\/wp\/v2\/tags?post=104283"}],"curies":[{"name":"wp","href":"https:\/\/api.w.org\/{rel}","templated":true}]}}