{"id":104276,"date":"2023-09-01T00:00:00","date_gmt":"2023-09-01T00:00:00","guid":{"rendered":"https:\/\/acg.campingsingirona.com\/les-noticies-del-mes-dagost-de-2023\/"},"modified":"2023-09-01T00:00:00","modified_gmt":"2023-09-01T00:00:00","slug":"les-noticies-del-mes-dagost-de-2023","status":"publish","type":"post","link":"https:\/\/acg.campingsingirona.com\/ca\/les-noticies-del-mes-dagost-de-2023\/","title":{"rendered":"Les not\u00edcies del mes d&#8217;agost de 2023"},"content":{"rendered":"\n<h2 class=\"wp-block-heading\"><strong><strong>El&nbsp;Girocamping&nbsp;PRO presenta el programa 2023!<\/strong><\/strong><\/h2>\n\n\n\n<figure class=\"wp-block-table\"><table><tbody><tr><td>El congr\u00e9s especialitzat en el sector c\u00e0mping, que celebra la seva 5a edici\u00f3 el pr\u00f2xim 28 de setembre de 2023 a Lloret de Mar, ja ha publicat el seu programa d\u2019enguany!El congr\u00e9s, organitzat per l\u2019<strong>Associaci\u00f3 de C\u00e0mpings de Girona<\/strong>, reunir\u00e0 representants de tots els sectors tur\u00edstics amb un programa de pon\u00e8ncies sobre diversos temes d\u2019actualitat, el marc perfecte per a con\u00e8ixer nous productes i serveis i per a crear sinergies.Girocamping PRO t\u00e9&nbsp;<strong>2 \u00e0rees d&#8217;enfocament<\/strong>:<br><br><strong>Zona expositiva<\/strong>:&nbsp;Amb 30 empreses prove\u00efdores del sector c\u00e0mping, que abasten des de temes d\u2019infraestructura, efici\u00e8ncia energ\u00e8tica i comunicaci\u00f3 digital, fins a solucions d\u2019higiene i neteja, de seguretat o altres serveis.<strong>Espai de pon\u00e8ncies<\/strong>:&nbsp;Amb un programa de pon\u00e8ncies i taules rodones sobre diversos temes d\u2019actualitat, on la sostenibilitat i&nbsp;la captaci\u00f3 i retenci\u00f3 de talent seran els grans protagonistes d\u2019aquesta edici\u00f3.<br><br>Si encara no ho heu fet, podeu:<br><br>Acreditar-vos&nbsp;<a rel=\"noreferrer noopener\" href=\"https:\/\/campingsingirona.lt.acemlnb.com\/Prod\/link-tracker?notrack=1&amp;redirectUrl=aHR0cHMlM0ElMkYlMkZjYW1waW5nc2luZ2lyb25hLmNvbSUyRmNhJTJGZ2lyb2NhbXBpbmctcHJvJTJGJTIzaW5zY3JpYmV0ZQ==&amp;sig=E8AUa3WqA2jJMsxPtKVNUPXKJ48qLspPD4ojBQQPuv8H&amp;iat=1695751935&amp;a=%7C%7C611796586%7C%7C&amp;account=campingsingirona%2Eactivehosted%2Ecom&amp;email=WbrIZSFOOtUBcwJ4BsaezJEgKsqCQVQo%2FiGKjV0y5B5swYJ1mGQ2iBChnA%3D%3D%3A%2B%2FitGLPt2Lq%2FVUV9%2FBl%2FwFxtKOPFpCU1&amp;s=1f74d4fd2bad5083f2180b78f4f88dd7&amp;i=187A193A1A4357\" target=\"_blank\">aqu\u00ed<\/a>.<br>Consultar el&nbsp;<a rel=\"noreferrer noopener\" href=\"https:\/\/campingsingirona.lt.acemlnb.com\/Prod\/link-tracker?notrack=1&amp;redirectUrl=aHR0cHMlM0ElMkYlMkZjYW1waW5nc2luZ2lyb25hLmNvbSUyRmNhJTJGZ2lyb2NhbXBpbmctcHJvJTJGJTIzcHJvZ3JhbWE=&amp;sig=6aw8VFcb8sd2cYWeDxgmSCxApADKaqDsS3E5MrGjy4WM&amp;iat=1695751935&amp;a=%7C%7C611796586%7C%7C&amp;account=campingsingirona%2Eactivehosted%2Ecom&amp;email=WbrIZSFOOtUBcwJ4BsaezJEgKsqCQVQo%2FiGKjV0y5B5swYJ1mGQ2iBChnA%3D%3D%3A%2B%2FitGLPt2Lq%2FVUV9%2FBl%2FwFxtKOPFpCU1&amp;s=1f74d4fd2bad5083f2180b78f4f88dd7&amp;i=187A193A1A4358\" target=\"_blank\">programa<\/a>.<br>Con\u00e8ixer les&nbsp;<a rel=\"noreferrer noopener\" href=\"https:\/\/campingsingirona.lt.acemlnb.com\/Prod\/link-tracker?notrack=1&amp;redirectUrl=aHR0cHMlM0ElMkYlMkZjYW1waW5nc2luZ2lyb25hLmNvbSUyRmNhJTJGZ2lyb2NhbXBpbmctcHJvJTJGJTIzZW1wcmVzZXMtcGFydGljaXBhbnRz&amp;sig=FQbSQCorSMBLesPfWhgjvQACWFRbVpkNCEpCDmBwSLeY&amp;iat=1695751935&amp;a=%7C%7C611796586%7C%7C&amp;account=campingsingirona%2Eactivehosted%2Ecom&amp;email=WbrIZSFOOtUBcwJ4BsaezJEgKsqCQVQo%2FiGKjV0y5B5swYJ1mGQ2iBChnA%3D%3D%3A%2B%2FitGLPt2Lq%2FVUV9%2FBl%2FwFxtKOPFpCU1&amp;s=1f74d4fd2bad5083f2180b78f4f88dd7&amp;i=187A193A1A4359\" target=\"_blank\">empreses<\/a>&nbsp;participants.<\/td><\/tr><\/tbody><\/table><\/figure>\n\n\n\n<figure class=\"wp-block-image size-large\"><img decoding=\"async\" src=\"https:\/\/acg.campingsingirona.com\/wp-content\/uploads\/2023\/10\/girocamping-968x1024.png\" alt=\"\" class=\"wp-image-4456\"\/><\/figure>\n\n\n\n<div style=\"height:28px\" aria-hidden=\"true\" class=\"wp-block-spacer\"><\/div>\n\n\n\n<h2 class=\"wp-block-heading\"><strong>PARLEM D&#8217;ECOCERTIFICACI\u00d3 EN ESTABLIMENTS TUR\u00cdSTICS?<\/strong><br><strong>Del &#8220;nice to have&#8221; al &#8220;must be&#8221;<\/strong><\/h2>\n\n\n\n<p>En un moment de gran incertesa global, marcat per la inestabilitat que provoca el canvi clim\u00e0tic i l&#8217;augment del cost de la vida, viatjar de forma m\u00e9s sostenible continua essent una prioritat pel 87% dels viatgers, segons recull l&#8217;informe de turisme sostenible 2023 de Booking.<\/p>\n\n\n\n<figure class=\"wp-block-image size-large\"><img decoding=\"async\" src=\"https:\/\/acg.campingsingirona.com\/wp-content\/uploads\/2023\/10\/Captura-de-pantalla-2023-09-26-a-las-20.30.37-1024x729.png\" alt=\"\" class=\"wp-image-4459\"\/><\/figure>\n\n\n\n<p><\/p>\n\n\n\n<div style=\"height:0px\" aria-hidden=\"true\" class=\"wp-block-spacer\"><\/div>\n\n\n\n<h2 class=\"wp-block-heading\"><strong class=\"\"><strong class=\"\">10 D&#8217;OCTUBRE |&nbsp;Celebraci\u00f3&nbsp;dels&nbsp;40 ANYS DE LA FCC i&nbsp;anunci&nbsp;del 1r CONGR\u00c9S DE C\u00c0MPINGS DE CATALUNYA<\/strong><\/strong><\/h2>\n\n\n\n<p>Amb gran entusiasme i emoci\u00f3, us convidem a guardar la data del 10 d&#8217;octubre de 2023 en el vostre calendari. Volem que sigueu part\u00edceps d&#8217;un esdeveniment que marcar\u00e0 un moment significatiu en la traject\u00f2ria dels c\u00e0mpings a Catalunya.<\/p>\n\n\n\n<p>En el marc de la prestigiosa fira CARAVANING (del 7 al 15 d\u2019octubre al recinte Gran Via de Barcelona), celebrem amb orgull els 40 anys de la Federaci\u00f3 Catalana de C\u00e0mpings. Aquesta fita no nom\u00e9s representa el nostre passat i el present, sin\u00f3 que tamb\u00e9 ens brinda l&#8217;oportunitat d&#8217;abordar un futur emocionant i prometedor per al sector.<\/p>\n\n\n\n<p>Data: 10 d&#8217;octubre de 2023<\/p>\n\n\n\n<p>Hora: a confirmar (dinar-c\u00f2ctel)<\/p>\n\n\n\n<p>Lloc: a confirmar (a prop del recinte Gran Via de Barcelona)<\/p>\n\n\n\n<p>Durant aquesta ocasi\u00f3 especial, us convidem a un dinar-c\u00f2ctel que no nom\u00e9s celebra els nostres \u00e8xits col\u00b7lectius, sin\u00f3 que marca l&#8217;inici d&#8217;una nova etapa emocionant. Ser\u00e0 un honor comptar amb la vostra pres\u00e8ncia i compartir aquest moment \u00fanic en companyia dels l\u00edders i professionals m\u00e9s representatius del sector.<\/p>\n\n\n\n<p>A m\u00e9s a m\u00e9s, en aquesta celebraci\u00f3, tindrem el plaer d&#8217;anunciar oficialment el primer Congr\u00e9s de C\u00e0mpings de Catalunya. Aquesta iniciativa esdevindr\u00e0 un f\u00f2rum essencial per a la connexi\u00f3, l&#8217;aprenentatge i la creaci\u00f3 de sin\u00e8rgies entre tots els actors clau en el m\u00f3n dels c\u00e0mpings.<\/p>\n\n\n\n<p>Estigueu atents per m\u00e9s informaci\u00f3 i detalls a mesura que ens acostem a la data d\u2019aquest esdeveniment. No nom\u00e9s celebrem 40 anys de traject\u00f2ria, sin\u00f3 que tamb\u00e9 marquem el cam\u00ed cap a un futur prometedor.<\/p>\n\n\n\n<p>La vostra participaci\u00f3 ser\u00e0 molt apreciada i us animen a compartir-ho amb els vostres col\u00b7legues i contactes del sector a unir-se a aquesta celebraci\u00f3 \u00fanica!<\/p>\n\n\n\n<figure class=\"wp-block-image size-large\"><img decoding=\"async\" src=\"https:\/\/acg.campingsingirona.com\/wp-content\/uploads\/2023\/10\/Captura-de-pantalla-2023-09-26-a-las-20.32.29-1024x374.png\" alt=\"\" class=\"wp-image-4462\"\/><\/figure>\n\n\n\n<div style=\"height:28px\" aria-hidden=\"true\" class=\"wp-block-spacer\"><\/div>\n\n\n\n<h2 class=\"wp-block-heading\"><strong>Visita de la FOEG al c\u00e0mping La&nbsp;Ballena&nbsp;Alegre<\/strong><\/h2>\n\n\n\n<p>Aquest mes d&#8217;agost, el president de la FOEG, el Sr. Ernest Plana, juntament amb l\u2019assessor financer i la gerent de l\u2019entitat, han visitat el c\u00e0mping La Ballena Alegre de Sant Pere Pescador, per con\u00e8ixer de primera m\u00e0 les novetats del sector. A la visita tamb\u00e9 hi va ser present el president de l\u2019ACG, Sr. Miquel Gotanegra.<\/p>\n\n\n\n<p>Durant aquesta visita les dues entitats, FOEG i ACG, aix\u00ed com el mateix c\u00e0mping, han pogut intercanviar opinions i sensacions sobre aquesta temporada d\u2019estiu.<\/p>\n\n\n\n<figure class=\"wp-block-image size-large\"><img decoding=\"async\" src=\"https:\/\/acg.campingsingirona.com\/wp-content\/uploads\/2023\/10\/Captura-de-pantalla-2023-09-26-a-las-20.34.08-1024x768.png\" alt=\"\" class=\"wp-image-4465\"\/><\/figure>\n\n\n\n<p><\/p>\n\n\n\n<h2 class=\"wp-block-heading\"><strong class=\"\"><strong class=\"\">Alzamora Gr\u00e0fiques renova el comprom\u00eds amb els c\u00e0mpings gironins per&nbsp;vuit\u00e8&nbsp;any consecutiu<\/strong><\/strong><\/h2>\n\n\n\n<figure class=\"wp-block-table\"><table><tbody><tr><td>Ens alegrem d\u2019anunciar que&nbsp;<strong>Alzamora Gr\u00e0fiques&nbsp;<\/strong>renova el seu comprom\u00eds amb els C\u00e0mpings de Girona per 8\u00e8 any consecutiu! \u00c9s el patrocinador i prove\u00efdor de confian\u00e7a de l\u2019ACG en tots els aspectes relacionats amb les arts gr\u00e0fiques i la impressi\u00f3. El seu enfocament centrat a satisfer les necessitats del client, l\u2019experi\u00e8ncia i l\u2019alta qualitat dels seus serveis el converteixen en l\u2019aliat indispensable a l\u2019hora de produir materials gr\u00e0fics.<br><br>Podeu posar-vos-hi en contacte escrivint a&nbsp;<a rel=\"noreferrer noopener\" href=\"mailto:info@alzamoragrafiques.com\" target=\"_blank\">info@alzamoragrafiques.com<\/a><\/td><\/tr><\/tbody><\/table><\/figure>\n\n\n\n<div style=\"height:28px\" aria-hidden=\"true\" class=\"wp-block-spacer\"><\/div>\n\n\n\n<h2 class=\"wp-block-heading\"><strong class=\"\"><strong class=\"\">Distribucions&nbsp;Darn\u00e9s&nbsp;amb els c\u00e0mpings gironins per set\u00e8 any consecutiu!<\/strong><\/strong><\/h2>\n\n\n\n<p>El principal grup de distribuci\u00f3 alimentari del estat espanyol continua un any m\u00e9s el seu comprom\u00eds amb els c\u00e0mpings gironins. Darn\u00e9s \u00e9s el grup referent de la distribuci\u00f3 per al sector hoteler i d\u2019alimentaci\u00f3.<\/p>\n\n\n\n<p>Amb una traject\u00f2ria de m\u00e9s de 60 anys, opera per tota la Pen\u00ednsula Ib\u00e8rica com a l\u00edder, tant en nombre de clients com en \u00e0rea d\u2019actuaci\u00f3, esdevenint el principal grup en distribuci\u00f3 a Horeca.<br>L\u2019empresa empordanesa fa ja set anys que est\u00e0 al costat dels c\u00e0mpings gironins i ha acollit, en diverses ocasions, reunions de junta directiva i assemblees generals de l\u2019ACG en les seves instal\u00b7lacions a Torroella de Montgr\u00ed.<\/p>\n\n\n\n<p>Com sempre, com a patrocinadors i col\u00b7laboradors de l\u2019ACG, resten a la vostra disposici\u00f3 per a qualsevol aspecte, consulta o dubte que necessiteu resoldre.<\/p>\n\n\n\n<div class=\"wp-block-columns is-layout-flex wp-container-core-columns-is-layout-9d6595d7 wp-block-columns-is-layout-flex\">\n<div class=\"wp-block-column is-layout-flow wp-block-column-is-layout-flow\"><\/div>\n<\/div>\n\n\n\n<h2 class=\"wp-block-heading\"><strong class=\"\"><strong>Els organitzadors de&nbsp;Innocamping&nbsp;visiten&nbsp;l\u2019Associaci\u00f3 de&nbsp;C\u00e0mpings de&nbsp;Girona<\/strong><\/strong><\/h2>\n\n\n\n<p>El passat divendres 24 d\u2019agost, l\u2019Associaci\u00f3 de C\u00e0mpings de Girona va rebre la visita del responsable de Innocamping, que tindr\u00e0 lloc a la Fira de Lleida del 17 al 19 d\u2019octubre.<\/p>\n\n\n\n<p>Aquesta edici\u00f3 es prepara la sisena trobada del Sal\u00f3 Professional de Serveis i Equipaments perqu\u00e8 els c\u00e0mpings i allotjaments tur\u00edstics, conjuntament amb la 22a edici\u00f3 de Municipalia. Un lloc de trobada per a propietaris i gerents de c\u00e0mpings, resorts, ciutats de vacances, serveis per col\u00b7lectius, etc.<\/p>\n\n\n\n<p>Aquest any la fira prepara la seva edici\u00f3 m\u00e9s internacional, ja que acollir\u00e0 a diversos grups francesos interessants en l\u2019oferta de la fira lleidatana. Aquests grups, atrets pel mercat tur\u00edstic nacional, estaran presents a Innocamping per realitzar compres de cares a la remodelaci\u00f3 dels c\u00e0mpings que van adquirint al nostre pa\u00eds.<\/p>\n\n\n\n<figure class=\"wp-block-image size-large\"><img decoding=\"async\" src=\"https:\/\/acg.campingsingirona.com\/wp-content\/uploads\/2023\/10\/Captura-de-pantalla-2023-09-26-a-las-20.36.20-1024x568.png\" alt=\"\" class=\"wp-image-4468\"\/><\/figure>\n\n\n\n<div style=\"height:28px\" aria-hidden=\"true\" class=\"wp-block-spacer\"><\/div>\n\n\n\n<h2 class=\"wp-block-heading\"><strong class=\"\"><strong class=\"\">Piscina &amp; Wellness Barcelona del 27 al 30 de novembre 2023<\/strong><\/strong><\/h2>\n\n\n\n<p>Del 27 al 30 de novembre de 2023, se celebra al recinte firal de Gran Via l\u2019esdeveniment de refer\u00e8ncia del sector de les piscines, unes jornades imprescindibles per als professionals del sector que volen con\u00e8ixer, fer negocis i networking. La fira que reuneix en un mateix espai el sector de la piscina d\u2019\u00fas residencial, d\u2019\u00fas p\u00fablic, el wellness i l\u2019outdoor.<\/p>\n\n\n\n<p>Piscina &amp; Wellness Barcelona, ser\u00e0 una trobada sectorial amb una zona expositiva de m\u00e9s de 300 empreses i m\u00e9s de 350 marques, al mateix temps que inclour\u00e0 sessions plen\u00e0ries, confer\u00e8ncies i espais on con\u00e8ixer les \u00faltimes innovacions i solucions del m\u00f3n de les piscines.<\/p>\n\n\n\n<p>Us podeu acreditar com a visitants professionals gratu\u00eftament a <a rel=\"noreferrer noopener\" class=\"\" href=\"https:\/\/campingsingirona.lt.acemlnb.com\/Prod\/link-tracker?notrack=1&amp;redirectUrl=aHR0cHMlM0ElMkYlMkZyZWdpc3RyYXRpb24uZmlyYWJhcmNlbG9uYS5jb20lMkYlM0Zjb2RfcHJvbSUzREZTODZCQkJBJTIzJTJGZXNfRVMlMkZKMDQ2MDIzJTJGV0VC&amp;sig=FxJMgYY3ZBCMA6ggG2qjZnjTxw2gEhWMAobVvMuVxdzJ&amp;iat=1695752723&amp;a=%7C%7C611796586%7C%7C&amp;account=campingsingirona%2Eactivehosted%2Ecom&amp;email=STtfwRxM3z4FwTwhgAhNTlns2M8sfuIpPxiDJ9MQbgsAW48Y3TMj1OQJTg%3D%3D%3A%2B1maveyArhRy9yD0JdJg0xETtcW7DJL%2B&amp;s=1f74d4fd2bad5083f2180b78f4f88dd7&amp;i=187A193A1A4361\" target=\"_blank\">Piscina&amp;Wellness Barcelona<\/a><br>Codi: PWB23FCC<\/p>\n\n\n\n<div style=\"height:0px\" aria-hidden=\"true\" class=\"wp-block-spacer\"><\/div>\n\n\n\n<p><\/p>\n\n\n\n<h2 class=\"wp-block-heading\"><strong>Anar de c\u00e0mping \u00e9s positiu per la salut familiar<\/strong><\/h2>\n\n\n\n<p>Diversos estudis demostren que estar envoltats de natura \u00e9s positiu per a la salut de tots els membres de la fam\u00edlia.<\/p>\n\n\n\n<p>I \u00e9s que els c\u00e0mpings s\u00f3n un lloc ideal perqu\u00e8 petits i grans puguin gaudir d\u2019entorns naturals excepcionals, on poder passar els dies sense preocupar-se pel transit de les ciutats i on els m\u00e9s petits poden cr\u00e9ixer i gaudir amb tranquil\u00b7litat.<\/p>\n\n\n\n<p>Com explica la&nbsp;<a rel=\"noreferrer noopener\" href=\"https:\/\/campingsingirona.lt.acemlnb.com\/Prod\/link-tracker?notrack=1&amp;redirectUrl=aHR0cHMlM0ElMkYlMkZ3d3cuZXRhcGFpbmZhbnRpbC5jb20lMkZpbXBvcnRhbmNpYS1mb21lbnRhci1hdXRvZXN0aW1hLW5pbm9z&amp;sig=5RWdM71N7DrufeoMGquD5d26HCk13yjbFS2h3SbsALQ9&amp;iat=1695752723&amp;a=%7C%7C611796586%7C%7C&amp;account=campingsingirona%2Eactivehosted%2Ecom&amp;email=STtfwRxM3z4FwTwhgAhNTlns2M8sfuIpPxiDJ9MQbgsAW48Y3TMj1OQJTg%3D%3D%3A%2B1maveyArhRy9yD0JdJg0xETtcW7DJL%2B&amp;s=1f74d4fd2bad5083f2180b78f4f88dd7&amp;i=187A193A1A4363\" target=\"_blank\"><strong>Societat de Psiquiatria Infantil de l\u2019Associaci\u00f3 Espanyola de Pediatria<\/strong><\/a>, l\u2019autoestima \u00e9s molt important pel bon desenvolupament dels infants i els c\u00e0mpings proporcionen un entorn id\u00edl\u00b7lic per ajudar en aquest aprenentatge.<\/p>\n\n\n\n<p>Es poden trobar altres estudis com el que va dur a terme&nbsp;<a rel=\"noreferrer noopener\" href=\"https:\/\/campingsingirona.lt.acemlnb.com\/Prod\/link-tracker?notrack=1&amp;redirectUrl=aHR0cHMlM0ElMkYlMkZ3d3cuaG9zdGVsdHVyLmNvbSUyRmNvbXVuaWRhZCUyRm5vdGElMkYwMjE0MjFfNS1yYXpvbmVzLXNhbHVkYWJsZXMtcGFyYS1pci1kZS1jYW1waW5nLWVuLWZhbWlsaWEuaHRtbA==&amp;sig=2UdZHLCiY3LSopo22mwnrJphqhCxXcfKZnRkV1dnLyeP&amp;iat=1695752723&amp;a=%7C%7C611796586%7C%7C&amp;account=campingsingirona%2Eactivehosted%2Ecom&amp;email=STtfwRxM3z4FwTwhgAhNTlns2M8sfuIpPxiDJ9MQbgsAW48Y3TMj1OQJTg%3D%3D%3A%2B1maveyArhRy9yD0JdJg0xETtcW7DJL%2B&amp;s=1f74d4fd2bad5083f2180b78f4f88dd7&amp;i=187A193A1A4364\" target=\"_blank\"><strong>Camping and Caravanning Club brit\u00e0nic<\/strong><\/a>&nbsp;l\u2019any 2006, on demostren que el 33% dels infants s\u00f3n m\u00e9s feli\u00e7os quan van de c\u00e0mping i un 64% dels adults deien que portar els seus fills de c\u00e0mping millorava les seves capacitats cognitives i socials. Altres aportacions dels c\u00e0mpings a la salut familiar, \u00e9s la desconnexi\u00f3 tecnol\u00f2gica, el contacte diari amb la natura i el sol, la socialitzaci\u00f3 en un entorn multicultural i el fet de guanyar temps de qualitat per passar en fam\u00edlia.<\/p>\n\n\n\n<figure class=\"wp-block-image size-large\"><img decoding=\"async\" src=\"https:\/\/acg.campingsingirona.com\/wp-content\/uploads\/2023\/10\/Captura-de-pantalla-2023-09-26-a-las-20.40.06-1024x683.png\" alt=\"\" class=\"wp-image-4471\"\/><\/figure>\n\n\n\n<div style=\"height:0px\" aria-hidden=\"true\" class=\"wp-block-spacer\"><\/div>\n","protected":false},"excerpt":{"rendered":"<p>El&nbsp;Girocamping&nbsp;PRO presenta el programa 2023! El congr\u00e9s especialitzat en el sector c\u00e0mping, que celebra la seva 5a edici\u00f3 el pr\u00f2xim 28 de setembre de 2023 a Lloret de Mar, ja ha publicat el seu programa d\u2019enguany!El congr\u00e9s, organitzat per l\u2019Associaci\u00f3 de C\u00e0mpings de Girona, reunir\u00e0 representants de tots els sectors tur\u00edstics amb un programa de [&hellip;]<\/p>\n","protected":false},"author":1,"featured_media":104272,"comment_status":"closed","ping_status":"open","sticky":false,"template":"","format":"standard","meta":{"_acf_changed":false,"footnotes":""},"categories":[],"tags":[],"class_list":["post-104276","post","type-post","status-publish","format-standard","has-post-thumbnail","hentry"],"acf":[],"_links":{"self":[{"href":"https:\/\/acg.campingsingirona.com\/ca\/wp-json\/wp\/v2\/posts\/104276","targetHints":{"allow":["GET"]}}],"collection":[{"href":"https:\/\/acg.campingsingirona.com\/ca\/wp-json\/wp\/v2\/posts"}],"about":[{"href":"https:\/\/acg.campingsingirona.com\/ca\/wp-json\/wp\/v2\/types\/post"}],"author":[{"embeddable":true,"href":"https:\/\/acg.campingsingirona.com\/ca\/wp-json\/wp\/v2\/users\/1"}],"replies":[{"embeddable":true,"href":"https:\/\/acg.campingsingirona.com\/ca\/wp-json\/wp\/v2\/comments?post=104276"}],"version-history":[{"count":0,"href":"https:\/\/acg.campingsingirona.com\/ca\/wp-json\/wp\/v2\/posts\/104276\/revisions"}],"wp:featuredmedia":[{"embeddable":true,"href":"https:\/\/acg.campingsingirona.com\/ca\/wp-json\/wp\/v2\/media\/104272"}],"wp:attachment":[{"href":"https:\/\/acg.campingsingirona.com\/ca\/wp-json\/wp\/v2\/media?parent=104276"}],"wp:term":[{"taxonomy":"category","embeddable":true,"href":"https:\/\/acg.campingsingirona.com\/ca\/wp-json\/wp\/v2\/categories?post=104276"},{"taxonomy":"post_tag","embeddable":true,"href":"https:\/\/acg.campingsingirona.com\/ca\/wp-json\/wp\/v2\/tags?post=104276"}],"curies":[{"name":"wp","href":"https:\/\/api.w.org\/{rel}","templated":true}]}}