{"id":104251,"date":"2023-06-28T00:00:00","date_gmt":"2023-06-28T00:00:00","guid":{"rendered":"https:\/\/acg.campingsingirona.com\/llagosnet-entrevista-a-anna-genover-del-camping-sant-pol\/"},"modified":"2023-06-28T00:00:00","modified_gmt":"2023-06-28T00:00:00","slug":"llagosnet-entrevista-a-anna-genover-del-camping-sant-pol","status":"publish","type":"post","link":"https:\/\/acg.campingsingirona.com\/ca\/llagosnet-entrevista-a-anna-genover-del-camping-sant-pol\/","title":{"rendered":"LLAGOSNET &#8211; Entrevista a Anna Genover del C\u00e0mping Sant Pol"},"content":{"rendered":"\n<p>Anna Genover i Mas, ens explica l\u2019evoluci\u00f3 del C\u00e0mping Sant Pol cap a un model de gesti\u00f3 m\u00e9s sostenible en una entrevista en motiu del lliurament del <strong><mark style=\"background-color:rgba(0, 0, 0, 0);color:#46c069\" class=\"has-inline-color\">certificat d\u2019estalvi de recursos<\/mark><\/strong> em\u00e8s per LLAGOSNET. Aquest certificat reconeix a les empreses que aposten per productes de neteja eco-certificats i quantifica l\u2019estalvi en el consum de <strong><mark style=\"background-color:rgba(0, 0, 0, 0);color:#46c069\" class=\"has-inline-color\">petroli, pl\u00e0stic i CO2.<\/mark><\/strong><\/p>\n\n\n\n<figure class=\"wp-block-image size-large\"><img decoding=\"async\" src=\"https:\/\/acg.campingsingirona.com\/wp-content\/uploads\/2023\/10\/SOS-6-scaled.jpg\" alt=\"\" class=\"wp-image-4337\"\/><\/figure>\n\n\n\n<p><strong>Anna Genover i Mas &#8211; C\u00e0mping Sant Pol<\/strong><\/p>\n\n\n\n<p><em>Gironina de naixement i ganxona d\u2019adopci\u00f3. Llicenciada en Ci\u00e8ncies de la Informaci\u00f3 per la UAB. Diplomada en cinematografia per la UCLA i M\u00e0ster de turisme per la \u201cUniversitat Genover\u201d. Tamb\u00e9 soc mare i escriptora. Actualment tinc tres novel\u00b7les juvenils publicades i l\u2019any que ve, es publicar\u00e0 la que ser\u00e0 segur \u201cbest seller\u201d.<\/em><\/p>\n\n\n\n<h1 class=\"wp-block-heading\"><strong>\u201cQu\u00e8 preservaries d\u2019aquest c\u00e0mping?<\/strong> <strong>Els arbres, papa, els arbres.\u201d<\/strong><\/h1>\n\n\n\n<p class=\"has-black-color has-text-color\"><strong>La fam\u00edlia Genover t\u00e9 una llarga traject\u00f2ria en el sector c\u00e0mping. Com varen ser els inicis i qui hi ha darrere d<\/strong><strong>\u2019<\/strong><strong>aquest establiment amb m\u00e9s de 60 anys d<\/strong><strong>\u2019<\/strong><strong>hist\u00f2<\/strong><strong>ria? <\/strong>&nbsp;<\/p>\n\n\n\n<div class=\"wp-block-columns is-layout-flex wp-container-core-columns-is-layout-9d6595d7 wp-block-columns-is-layout-flex\">\n<div class=\"wp-block-column is-layout-flow wp-block-column-is-layout-flow\">\n<p>Crec que va ser a segon de b\u00e0sica que a l\u2019escola em van preguntar all\u00f2 de \u201cprofessi\u00f3 dels pares\u201d i jo tota orgullosa vaig respondre, campistes. Aquella resposta va implicar una trucada a casa i aquell mateix vespre la mare em va ensenyar la paraula \u201cempresari\u201d. Els pares van obrir el nostre primer c\u00e0mping l\u2019any 1968 a l\u2019Alt Empord\u00e0. Despr\u00e9s l\u2019any 1994 v\u00e0rem adquirir el Sant Pol de Sant Feliu de Gu\u00edxols i el 1999 el Punta Mil\u00e0 de l\u2019Escala.<\/p>\n\n\n\n<p>Personalment des de l\u20191 de juny del 94 estic aqu\u00ed al Sant Pol al capdavant del c\u00e0mping.<\/p>\n<\/div>\n\n\n\n<div class=\"wp-block-column is-layout-flow wp-block-column-is-layout-flow\">\n<figure class=\"wp-block-image size-full is-resized\"><img loading=\"lazy\" decoding=\"async\" src=\"https:\/\/acg.campingsingirona.com\/wp-content\/uploads\/2023\/10\/Imagen-1.png\" alt=\"\" class=\"wp-image-4340\" width=\"502\" height=\"303\"\/><\/figure>\n<\/div>\n<\/div>\n\n\n\n<p>O sia que s\u00ed, que des de petita he mamat c\u00e0mping igual que els meus germans, per\u00f2 nom\u00e9s la meva germana ha estat la que va n\u00e9ixer, com qui diu, al c\u00e0mping, perqu\u00e8 se li va acudir n\u00e9ixer en temporada alta \ud83d\ude09 Tots v\u00e0rem ajudar essent marrecs en el negoci perqu\u00e8 ens ho agaf\u00e0vem com una distracci\u00f3 m\u00e9s i quan est\u00e0vem cansats d\u2019anar en bici, nedar, collir petxines, fer cabanes als arbres &#8211; aleshores no hi havia consoles, ni internet i els tel\u00e8fons estaven lligats a un cable &#8211; ajud\u00e0vem venent gelats, tallant gel o el que ens manessin.<\/p>\n\n\n\n<p class=\"has-text-align-center has-luminous-vivid-amber-background-color has-background has-medium-font-size\"><mark style=\"background-color:#fcb900\" class=\"has-inline-color has-black-color\">\u201cHem passat de ser campistes a ser <strong>artesans de felicitat<\/strong>.\u201d<\/mark><\/p>\n\n\n\n<p>I tot i que de ben joves ens v\u00e0rem implicar en el negoci, cap de nosaltres v\u00e0rem estudiar una carrera relacionada amb turisme. Per\u00f2 tornant a l\u2019<em>alma mater<\/em>la passi\u00f3 del pare pel m\u00f3n del c\u00e0mping i el convenciment que la uni\u00f3 fa la for\u00e7a tamb\u00e9 el va portar a implicar-se amb&nbsp; l\u2019Associaci\u00f3 de C\u00e0mpings de Girona i fer-la una entitat amb cara i ulls perqu\u00e8 represent\u00e9s i ajud\u00e9s a tots els empresaris del sector en les diferents branques que implica aquest negoci tur\u00edstic, i m\u00e9s especialment en fer promoci\u00f3 a l\u2019estranger. M\u00e9s endavant tamb\u00e9 va voler consolidar la Federaci\u00f3 Catalana per no haver de dependre de Madrid. D\u2019en\u00e7\u00e0 que el pare no hi \u00e9s som els quatre que portem l\u2019empresa i des de fa un parell d\u2019anys tamb\u00e9 comptem amb l\u2019ajuda del nebot que aporta s\u00e0via nova. El m\u00f3n del c\u00e0mping ha evolucionat com tot, tanmateix nosaltres intentem mantenir aquell esperit de vacances en llibertat en plena natura que els caracteritzava. El nostre plus ara \u00e9s donar m\u00e9s serveis, m\u00e9s tecnologia i m\u00e9s comoditat, pot ser per aix\u00f2 hem passat de ser campistes a ser \u201cartesans de felicitat\u201d.<\/p>\n\n\n\n<p><\/p>\n\n\n<div class=\"wp-block-image\">\n<figure class=\"aligncenter size-full\"><img decoding=\"async\" src=\"https:\/\/acg.campingsingirona.com\/wp-content\/uploads\/2023\/10\/Imagen-2.png\" alt=\"\" class=\"wp-image-4344\"\/><\/figure><\/div>\n\n\n<p class=\"has-text-align-center\"><em>C\u00e0mping Sant Pol \u2013 Sant Feliu de Gu\u00edxols<\/em><\/p>\n\n\n\n<p class=\"has-black-color has-text-color\"><strong>Quan i per qu\u00e8 decidiu introduir la sostenibilitat en la gesti\u00f3 del c\u00e0<\/strong><strong>mping?<\/strong><\/p>\n\n\n\n<p class=\"has-text-align-center has-black-color has-luminous-vivid-amber-background-color has-text-color has-background\" style=\"font-size:19px\">\u2018A mesura que els productes de neteja han evolucionat amb efectivitat, hem passat de tenir productes nom\u00e9s respectuosos amb el medi ambient a <strong>ecol\u00f2gics<\/strong>.\u201d&nbsp;<\/p>\n\n\n\n<p>El nostre pare fou dels primers que va introduir plaques solars per tenir aigua calenta a les dutxes. Parlo dels anys 70. Aleshores va ser un desastre perqu\u00e8 la tecnologia era massa incipient i no va ser capa\u00e7 de donar aigua calenta suficient per a tothom i a tota hora. Pot ser s\u00ed que ens ve d\u2019her\u00e8ncia el tema de la sostenibilitat, perqu\u00e8 una de les coses que em va preguntar el pare un cop vaig tancar la primera temporada al Sant Pol va ser: \u201cQu\u00e8 preservaries d\u2019aquest c\u00e0mping? Els arbres, papa, els arbres.\u201d Uns quants anys m\u00e9s tard v\u00e0rem ser el segon c\u00e0mping d\u2019Europa en tenir certificacions com l\u2019EMAS, ISO 14001 i Distintiu de la Generalitat. No els v\u00e0rem poder mantenir perqu\u00e8 som massa petits, per\u00f2 perseverem en conservar i potenciar el medi natural.<\/p>\n\n\n\n<p class=\"has-black-color has-text-color\"><strong>Quines de les accions que heu dut a terme per a la protecci\u00f3 del medi ambient destacaries?<\/strong> <\/p>\n\n\n\n<p>Hem millorat amb les plaques solars, hehehe! Broma. Hem fet molta feina, des de plaques solars per l\u2019aigua calenta fins apostar per una jardineria de baix requeriment h\u00eddric i mediterr\u00e0nia, instal\u00b7lant ploramiques (el conegut gota a gota) a totes les plantes, o la instal\u00b7laci\u00f3 d\u2019una lluerna refractant a la cuina per poder treballar amb llum solar, instal\u00b7lar bungalous que aprofiten la llum del sol amb bones finestrals,&nbsp; amb teules de fang, i amb una construcci\u00f3 especial per evitar la condensaci\u00f3 amb un moviment intern d\u2019aire natural. Tamb\u00e9 hem tingut cura de la contaminaci\u00f3 lum\u00ednica i totes les l\u00e0mpades exteriors estan pensades per il\u00b7luminar nom\u00e9s els caminois, amb bombetes de baix consum i controlades amb dispositius que els engeguen quan la llum del sol desapareix o que s\u2019apaguen o s\u2019encenen segons detecten pres\u00e8ncia. Recordo quan poc despr\u00e9s d\u2019instal\u00b7lar-ho va haver un eclipsi solar a les 12 del migdia i els llums es van encendre. El sistema funciona b\u00e9! Tamb\u00e9 v\u00e0rem apostar per anular les bosses de pl\u00e0stic a la botiga i n\u2019ofer\u00edem de roba a un euro per\u00f2 que si la tornaven amb bon estat i neta retorn\u00e0vem els diners. V\u00e0rem preferir tenir ampolles de vidre retornables al bar i evidentment anular productes que malmetessin el medi ambient com \u00e9s el lleixiu. A mesura que els productes de neteja ecol\u00f2gics han evolucionat amb efectivitat hem passat de tenir nom\u00e9s respectuosos amb el medi ambient a ecol\u00f2gics.<\/p>\n\n\n\n<p class=\"has-black-color has-text-color\"><strong>En mat\u00e8ria de neteja i higiene tamb\u00e9 heu iniciat transici\u00f3 ecol\u00f2gica. Ens podries explicar com? <\/strong>&nbsp;<\/p>\n\n\n\n<p>F\u00e0cil resposta, amb Llagosnet que ho feu tot molt f\u00e0cil.&nbsp;<\/p>\n\n\n\n<p class=\"has-black-color has-text-color\"><strong>El c\u00e0mping Sant Pol ha rebut per segon any consecutiu el certificat d<\/strong><strong>\u2019<\/strong><strong>estalvi de recursos de la m\u00e0 de Green Care Professional. Quin impacte t\u00e9 sobre els vostres treballadors i clients?<\/strong><\/p>\n\n\n\n<p>Sincerament no tinc dades emp\u00edriques que demostrin el meu anhel d\u2019i<em>nfluencer <\/em>mediambiental per\u00f2 s\u00ed que puc dir que intentem conscienciar a tothom que treballa amb nosaltres de la import\u00e0ncia d\u2019emprar productes que no malmetin el medi ambient i fer-ho amb les mesures i quantitats adequades&nbsp; segons cada producte. Quan als clients, b\u00e0sicament valoren la netedat i la higiene del recinte, siguin a lavabos i dutxes p\u00fabliques, com als bungalous,&nbsp; piscina, restaurant i bar. S\u00ed que algun alemany&nbsp; i holand\u00e8s que s\u00f3n els m\u00e9s conscienciats mediambientalment parlant, m\u2019han felicitat per aquesta decisi\u00f3, per\u00f2 encara \u00e9s molt minoritari.&nbsp; De deb\u00f2 que aquestes accions les fas perqu\u00e8 hi creus, perqu\u00e8 saps que s\u00f3n necess\u00e0ries per les persones,&nbsp; pels animals i per les plantes i pels mars i per l\u2019aire que respiren, i no ho fas pas per rebre reconeixement. Si impacta positivament a tercers voldr\u00e0 dir que anem b\u00e9 i&nbsp; satisfar\u00e0 el nostre ego \ud83d\ude09<\/p>\n\n\n\n<p><\/p>\n\n\n\n<figure class=\"wp-block-image size-large\"><img decoding=\"async\" src=\"https:\/\/acg.campingsingirona.com\/wp-content\/uploads\/2023\/10\/Uneix-te-a-la-petjada-ecologica-3-scaled.jpg\" alt=\"\" class=\"wp-image-4382\"\/><\/figure>\n\n\n\n<p><\/p>\n\n\n\n<div class=\"wp-block-columns is-layout-flex wp-container-core-columns-is-layout-9d6595d7 wp-block-columns-is-layout-flex\">\n<div class=\"wp-block-column is-layout-flow wp-block-column-is-layout-flow\"><\/div>\n<\/div>\n","protected":false},"excerpt":{"rendered":"<p>Anna Genover i Mas, ens explica l\u2019evoluci\u00f3 del C\u00e0mping Sant Pol cap a un model de gesti\u00f3 m\u00e9s sostenible en una entrevista en motiu del lliurament del certificat d\u2019estalvi de recursos em\u00e8s per LLAGOSNET. Aquest certificat reconeix a les empreses que aposten per productes de neteja eco-certificats i quantifica l\u2019estalvi en el consum de petroli, [&hellip;]<\/p>\n","protected":false},"author":1,"featured_media":104252,"comment_status":"closed","ping_status":"open","sticky":false,"template":"","format":"standard","meta":{"_acf_changed":false,"footnotes":""},"categories":[],"tags":[],"class_list":["post-104251","post","type-post","status-publish","format-standard","has-post-thumbnail","hentry"],"acf":[],"_links":{"self":[{"href":"https:\/\/acg.campingsingirona.com\/ca\/wp-json\/wp\/v2\/posts\/104251","targetHints":{"allow":["GET"]}}],"collection":[{"href":"https:\/\/acg.campingsingirona.com\/ca\/wp-json\/wp\/v2\/posts"}],"about":[{"href":"https:\/\/acg.campingsingirona.com\/ca\/wp-json\/wp\/v2\/types\/post"}],"author":[{"embeddable":true,"href":"https:\/\/acg.campingsingirona.com\/ca\/wp-json\/wp\/v2\/users\/1"}],"replies":[{"embeddable":true,"href":"https:\/\/acg.campingsingirona.com\/ca\/wp-json\/wp\/v2\/comments?post=104251"}],"version-history":[{"count":0,"href":"https:\/\/acg.campingsingirona.com\/ca\/wp-json\/wp\/v2\/posts\/104251\/revisions"}],"wp:featuredmedia":[{"embeddable":true,"href":"https:\/\/acg.campingsingirona.com\/ca\/wp-json\/wp\/v2\/media\/104252"}],"wp:attachment":[{"href":"https:\/\/acg.campingsingirona.com\/ca\/wp-json\/wp\/v2\/media?parent=104251"}],"wp:term":[{"taxonomy":"category","embeddable":true,"href":"https:\/\/acg.campingsingirona.com\/ca\/wp-json\/wp\/v2\/categories?post=104251"},{"taxonomy":"post_tag","embeddable":true,"href":"https:\/\/acg.campingsingirona.com\/ca\/wp-json\/wp\/v2\/tags?post=104251"}],"curies":[{"name":"wp","href":"https:\/\/api.w.org\/{rel}","templated":true}]}}