{"id":104249,"date":"2023-06-20T00:00:00","date_gmt":"2023-06-20T00:00:00","guid":{"rendered":"https:\/\/acg.campingsingirona.com\/el-campionat-del-mon-de-vela-infantil-reuneix-a-la-badia-de-roses-els-millors-regatistes-de-56-paisos-en-una-experiencia-de-sensibilitzacio-ambiental\/"},"modified":"2023-06-20T00:00:00","modified_gmt":"2023-06-20T00:00:00","slug":"el-campionat-del-mon-de-vela-infantil-reuneix-a-la-badia-de-roses-els-millors-regatistes-de-56-paisos-en-una-experiencia-de-sensibilitzacio-ambiental","status":"publish","type":"post","link":"https:\/\/acg.campingsingirona.com\/ca\/el-campionat-del-mon-de-vela-infantil-reuneix-a-la-badia-de-roses-els-millors-regatistes-de-56-paisos-en-una-experiencia-de-sensibilitzacio-ambiental\/","title":{"rendered":"El Campionat del M\u00f3n de vela infantil reuneix a la badia de Roses els millors regatistes de 56 pa\u00efsos, en una experi\u00e8ncia de sensibilitzaci\u00f3 ambiental"},"content":{"rendered":"\n<p>El Campionat del M\u00f3n de vela infantil, categoria Optimist se celebra del 15 de juny i fins el 25 de juny al Club de Vela la Ballena Alegre, de Sant Pere Pescador. La competici\u00f3 internacional, que torna a l\u2019estat espanyol despr\u00e9s de 20 anys d\u2019abs\u00e8ncia, reuneix a 259 regatistes de 56 pa\u00efsos, d\u2019edats entre els 10 i 15 anys. Son els millors regatistes sub-16 del m\u00f3n, que naveguen amb la petita embarcaci\u00f3 individual Optimist, que \u00e9s la d\u2019iniciaci\u00f3 a la pr\u00e0ctica esportiva de la vela per excel\u00b7l\u00e8ncia.<\/p>\n\n\n\n<p>Durant 8 dies competeixen en categoria individual i per equips, en el camp regates a la badia de Roses.<\/p>\n\n\n\n<p><strong>Una experi\u00e8ncia sostenible i amb activitats de sensibilitzaci\u00f3 ambiental<\/strong><\/p>\n\n\n\n<p>Des de l\u2019organitzaci\u00f3 de l\u2019esdeveniment s\u2019ha aprofitat la celebraci\u00f3 d\u2019aquest campionat mundial per a joves per a potenciar la vessant m\u00e9s formativa de la pr\u00e0ctica de l\u2019esport de la vela, emfatitzant els eixos de sostenibilitat i responsabilitat social. Per aix\u00f2, en paral\u00b7lel a les regates, els esportistes participen al projecte \u201cCampionat del m\u00f3n d\u2019Optimist \u2013 Una experi\u00e8ncia sostenible\u201d, que compta amb accions formatives i educatives i que connecten amb els Objectius de Desenvolupament Sostenible (ODS) en cadascuna de les iniciatives proposades. Entre d\u2019altres, hi ha activitats organitzades amb la col\u00b7laboraci\u00f3 del Grup d\u2019Acci\u00f3 Local Pesquer (GALP) Costa Brava, la Fundaci\u00f3 Barcelona N\u00e0utica i la celebraci\u00f3 al mateix c\u00e0mping on estaran allotjats de la Fira Conscient, que s\u2019ha fet del 16 al 18 de juny. El Campionat del m\u00f3n es converteix doncs en una eina de sensibilitzaci\u00f3, promovent esdeveniments participatius, que al mateix temps posen en valor el model d\u2019activitat tur\u00edstica de la Ballena Alegre i que el converteix en motor d\u2019activaci\u00f3 de la regeneraci\u00f3 ecol\u00f2gica i econ\u00f2mica del territori.<\/p>\n\n\n\n<p>Pel que fa a l\u2019organitzaci\u00f3 del campionat tamb\u00e9 s\u2019ha apostat per convertir-la en una experi\u00e8ncia sostenible, i almenys dos dels vaixells que s\u2019utilitzaran per a tasques de direcci\u00f3 i seguretat de les curses son totalment el\u00e8ctrics.<\/p>\n\n\n\n<p><strong>Un impacte econ\u00f2mic superior als 11 milions d\u2019euros<\/strong><\/p>\n\n\n\n<p>La majoria dels 259 joves regatistes, vinguts dels cinc continents, han arribat a la Costa Brava acompanyats de les seves fam\u00edlies i personal dels clubs de vela, amb estades que superaran els 15 dies. L\u2019estudi d\u2019impacte econ\u00f2mic de la seva<\/p>\n\n\n\n<p>participaci\u00f3 al campionat indica una xifra superior als 11 milions d\u2019euros, en un territori que per les seves caracter\u00edstiques meteorol\u00f2giques i capacitat organitzativa s\u2019ha posicionat com una refer\u00e8ncia mundial per la pr\u00e0ctica dels esports n\u00e0utics. L\u2019organitzador d\u2019aquest campionat, el Club de Vela la Ballena Alegre, ja treballa per acollir l\u2019any vinent els campionats del m\u00f3n de la categoria F-18 Catamar\u00e0 i el de Windsurf.<\/p>\n\n\n\n<p>La presentaci\u00f3 del Mundial d\u2019Optimist es va fer als jardins del Museu d&#8217;Arqueologia de Catalunya-Emp\u00faries, amb la pres\u00e8ncia d\u2019Anna Caula, Secret\u00e0ria general de l\u2019Esport i de l\u2019Activitat F\u00edsica de la Generalitat de Catalunya; Miquel Noguer, President de la Diputaci\u00f3 de Girona i del Patronat de Turisme Costa Brava-Girona; Agust\u00ed Badosa, alcalde de Sant Pere Pescador; Josep Bofill, alcalde de L\u2019Escala; Sigrid Beckman, vicepresidenta de l\u2019Associaci\u00f3 Internacional d\u2019Optimist (IODA); \u00c0lex Trias, Director Gerent de Camping Car \u2013 La Ballena Alegre Costa Brava i Pep Subirats, director esportiu del Club de Vela la Ballena Alegre.<\/p>\n","protected":false},"excerpt":{"rendered":"<p>El Campionat del M\u00f3n de vela infantil, categoria Optimist se celebra del 15 de juny i fins el 25 de juny al Club de Vela la Ballena Alegre, de Sant Pere Pescador. La competici\u00f3 internacional, que torna a l\u2019estat espanyol despr\u00e9s de 20 anys d\u2019abs\u00e8ncia, reuneix a 259 regatistes de 56 pa\u00efsos, d\u2019edats entre els [&hellip;]<\/p>\n","protected":false},"author":1,"featured_media":104250,"comment_status":"closed","ping_status":"open","sticky":false,"template":"","format":"standard","meta":{"_acf_changed":false,"footnotes":""},"categories":[],"tags":[],"class_list":["post-104249","post","type-post","status-publish","format-standard","has-post-thumbnail","hentry"],"acf":[],"_links":{"self":[{"href":"https:\/\/acg.campingsingirona.com\/ca\/wp-json\/wp\/v2\/posts\/104249","targetHints":{"allow":["GET"]}}],"collection":[{"href":"https:\/\/acg.campingsingirona.com\/ca\/wp-json\/wp\/v2\/posts"}],"about":[{"href":"https:\/\/acg.campingsingirona.com\/ca\/wp-json\/wp\/v2\/types\/post"}],"author":[{"embeddable":true,"href":"https:\/\/acg.campingsingirona.com\/ca\/wp-json\/wp\/v2\/users\/1"}],"replies":[{"embeddable":true,"href":"https:\/\/acg.campingsingirona.com\/ca\/wp-json\/wp\/v2\/comments?post=104249"}],"version-history":[{"count":0,"href":"https:\/\/acg.campingsingirona.com\/ca\/wp-json\/wp\/v2\/posts\/104249\/revisions"}],"wp:featuredmedia":[{"embeddable":true,"href":"https:\/\/acg.campingsingirona.com\/ca\/wp-json\/wp\/v2\/media\/104250"}],"wp:attachment":[{"href":"https:\/\/acg.campingsingirona.com\/ca\/wp-json\/wp\/v2\/media?parent=104249"}],"wp:term":[{"taxonomy":"category","embeddable":true,"href":"https:\/\/acg.campingsingirona.com\/ca\/wp-json\/wp\/v2\/categories?post=104249"},{"taxonomy":"post_tag","embeddable":true,"href":"https:\/\/acg.campingsingirona.com\/ca\/wp-json\/wp\/v2\/tags?post=104249"}],"curies":[{"name":"wp","href":"https:\/\/api.w.org\/{rel}","templated":true}]}}