{"id":101103,"date":"2023-04-10T00:00:00","date_gmt":"2023-04-10T00:00:00","guid":{"rendered":"https:\/\/acg.campingsingirona.com\/en\/acg\/lacg-un-any-mes-de-la-ma-de-tematic-arquitectura\/"},"modified":"2023-10-18T09:06:51","modified_gmt":"2023-10-18T09:06:51","slug":"lacg-un-any-mes-de-la-ma-de-tematic-arquitectura","status":"publish","type":"post","link":"https:\/\/acg.campingsingirona.com\/ca\/lacg-un-any-mes-de-la-ma-de-tematic-arquitectura\/","title":{"rendered":"L&#8217;ACG un any m\u00e9s de la m\u00e0 de Tematic Arquitectura"},"content":{"rendered":"\n<p>Tematic Arquitectura ha decidit renovar el conveni de col\u00b7laboraci\u00f3 amb l\u2019ACG, demostrant la satisfacci\u00f3 per ambd\u00f3s parts durant cinc anys consecutius.\u00a0\u00a0<\/p>\n\n\n\n<p>Tematic Arquitectura \u00e9s un estudi d\u2019arquitectura i urbanisme especialitzat en c\u00e0mpings i ressorts. Dins l\u2019ACG realitzen projectes d\u2019arquitectura i ofereixen assessorament personalitzat a tots els nostres associats qui ho necessiten.&nbsp;&nbsp;<\/p>\n\n\n\n<p>Molts dels nostres c\u00e0mpings associats han confiat amb ells per realitzar diversos projectes, doncs cada un t\u00e9 una personalitat i estil \u00fanics, com el WeCamp Santa Cristina, el Salat\u00e0, el Sant Pol, el Mas Patoxas o l\u2019Aquarius, entre d\u2019altres.&nbsp;&nbsp;<\/p>\n\n\n\n<p>Aquest estudi d\u2019arquitectura \u00e9s un gran recurs pels associats i l\u2019atractiu dels seus c\u00e0mpings, ja que gr\u00e0cies a la innovaci\u00f3 i els aven\u00e7os tecnol\u00f2gics, cada vegada s\u00f3n m\u00e9s singulars i alhora responsables amb el medi ambient, un element important en l\u2019actualitat de l\u2019atractiu tur\u00edstic.&nbsp;&nbsp;<\/p>\n\n\n\n<div class=\"wp-block-columns is-layout-flex wp-container-core-columns-is-layout-9d6595d7 wp-block-columns-is-layout-flex\">\n<div class=\"wp-block-column is-layout-flow wp-block-column-is-layout-flow\" style=\"flex-basis:66.66%\">\n<p> <p>Per tenir informaci\u00f3 m\u00e9s detallada us convidem a entrar a la seva p\u00e0gina web\u00a0 (<a rel=\"noreferrer noopener\" href=\"http:\/\/www.tematicarquitectura.com\/\" target=\"_blank\">http:\/\/www.tematicarquitectura.com\/<\/a>) o a contactar-los a:<\/p><p>T: 935 894 411\u00a0\u00a0<\/p><p><a rel=\"noreferrer noopener\" href=\"mailto:info@tematicarquitectura.com\" target=\"_blank\">info@tematicarquitectura.com<\/a><\/p><\/p>\n<\/div>\n\n\n\n<div class=\"wp-block-column is-layout-flow wp-block-column-is-layout-flow\" style=\"flex-basis:33.33%\">\n<figure class=\"wp-block-image size-full\"><img decoding=\"async\" src=\"https:\/\/acg.campingsingirona.com\/wp-content\/uploads\/2023\/06\/unnamed.jpeg\" alt=\"\" class=\"wp-image-4289\"\/><\/figure>\n<\/div>\n<\/div>\n","protected":false},"excerpt":{"rendered":"<p>Tematic Arquitectura ha decidit renovar el conveni de col\u00b7laboraci\u00f3 amb l\u2019ACG, demostrant la satisfacci\u00f3 per ambd\u00f3s parts durant cinc anys consecutius.\u00a0\u00a0 Tematic Arquitectura \u00e9s un estudi d\u2019arquitectura i urbanisme especialitzat en c\u00e0mpings i ressorts. Dins l\u2019ACG realitzen projectes d\u2019arquitectura i ofereixen assessorament personalitzat a tots els nostres associats qui ho necessiten.&nbsp;&nbsp; Molts dels nostres c\u00e0mpings [&hellip;]<\/p>\n","protected":false},"author":1,"featured_media":101104,"comment_status":"closed","ping_status":"open","sticky":false,"template":"","format":"standard","meta":{"_acf_changed":false,"footnotes":""},"categories":[],"tags":[],"class_list":["post-101103","post","type-post","status-publish","format-standard","has-post-thumbnail","hentry"],"acf":[],"_links":{"self":[{"href":"https:\/\/acg.campingsingirona.com\/ca\/wp-json\/wp\/v2\/posts\/101103","targetHints":{"allow":["GET"]}}],"collection":[{"href":"https:\/\/acg.campingsingirona.com\/ca\/wp-json\/wp\/v2\/posts"}],"about":[{"href":"https:\/\/acg.campingsingirona.com\/ca\/wp-json\/wp\/v2\/types\/post"}],"author":[{"embeddable":true,"href":"https:\/\/acg.campingsingirona.com\/ca\/wp-json\/wp\/v2\/users\/1"}],"replies":[{"embeddable":true,"href":"https:\/\/acg.campingsingirona.com\/ca\/wp-json\/wp\/v2\/comments?post=101103"}],"version-history":[{"count":1,"href":"https:\/\/acg.campingsingirona.com\/ca\/wp-json\/wp\/v2\/posts\/101103\/revisions"}],"predecessor-version":[{"id":104243,"href":"https:\/\/acg.campingsingirona.com\/ca\/wp-json\/wp\/v2\/posts\/101103\/revisions\/104243"}],"wp:featuredmedia":[{"embeddable":true,"href":"https:\/\/acg.campingsingirona.com\/ca\/wp-json\/wp\/v2\/media\/101104"}],"wp:attachment":[{"href":"https:\/\/acg.campingsingirona.com\/ca\/wp-json\/wp\/v2\/media?parent=101103"}],"wp:term":[{"taxonomy":"category","embeddable":true,"href":"https:\/\/acg.campingsingirona.com\/ca\/wp-json\/wp\/v2\/categories?post=101103"},{"taxonomy":"post_tag","embeddable":true,"href":"https:\/\/acg.campingsingirona.com\/ca\/wp-json\/wp\/v2\/tags?post=101103"}],"curies":[{"name":"wp","href":"https:\/\/api.w.org\/{rel}","templated":true}]}}